{"id":2234,"date":"2016-10-16T21:10:04","date_gmt":"2016-10-16T20:10:04","guid":{"rendered":"http:\/\/lyceedalembert.paris\/?p=2234"},"modified":"2019-12-06T01:37:03","modified_gmt":"2019-12-06T00:37:03","slug":"visite-musee-de-mode-palais-galliera-paris","status":"publish","type":"post","link":"https:\/\/lyceedalembert.paris\/index.php\/2016\/10\/16\/visite-musee-de-mode-palais-galliera-paris\/","title":{"rendered":"Visite du Mus\u00e9e de la mode \u2013 PALAIS GALLIERA &#8211; PARIS"},"content":{"rendered":"<p>Le Mardi 20 septembre 2016, les classes de terminale BAC PRO CUIR et TS1MMCM b\u00e9n\u00e9fici\u00e9 d&rsquo;une visite guid\u00e9e tr\u00e8s int\u00e9ressante, instructive et tr\u00e8s d\u00e9taill\u00e9e de l\u2019histoire du costume.<\/p>\n<p>Une pr\u00e9sentation des diff\u00e9rentes classes sociales \u00e0 travers les diff\u00e9rents costumes, les mat\u00e9riaux vari\u00e9s mais principalement luxueux bien mis en valeur par une visite guid\u00e9e de qualit\u00e9.<\/p>\n<p>Les accessoires comme les chaussures, les gants, les chapeaux et quelques articles de maroquinerie ajoutent un int\u00e9r\u00eat suppl\u00e9mentaire aux costumes pr\u00e9sent\u00e9s.<\/p>\n<p>Diff\u00e9rents cr\u00e9ateurs contemporains \u00e9taient mis en parall\u00e8le avec les v\u00eatements plus anciens, ce qui donne aux visiteurs une autre vision de la mode et de ses \u00e9volutions.<\/p>\n<p>Mme MIOSSEC \u2013 Mr AMORIN<\/p>\n<div id=\"su_slider_69f70490d5e50\" class=\"su-slider su-slider-centered su-slider-pages-yes su-slider-responsive-yes su-lightbox-gallery\" style=\"width:100%\" data-autoplay=\"700\" data-speed=\"1500\" data-mousewheel=\"true\"><div class=\"su-slider-slides\"><div class=\"su-slider-slide\"><a href=\"https:\/\/lyceedalembert.paris\/wp-content\/uploads\/2016\/10\/Visite-Gallier.jpg\"  title=\"visite-gallier\"><img decoding=\"async\" src=\"https:\/\/lyceedalembert.paris\/wp-content\/uploads\/2016\/10\/Visite-Gallier-600x580.jpg\" alt=\"visite-gallier\" \/><\/a><\/div><div class=\"su-slider-slide\"><a href=\"https:\/\/lyceedalembert.paris\/wp-content\/uploads\/2016\/10\/Visite-Gallier-2.jpg\"  title=\"visite-gallier-2\"><img decoding=\"async\" src=\"https:\/\/lyceedalembert.paris\/wp-content\/uploads\/2016\/10\/Visite-Gallier-2-600x580.jpg\" alt=\"visite-gallier-2\" \/><\/a><\/div><\/div><div class=\"su-slider-nav\"><div class=\"su-slider-direction\"><span class=\"su-slider-prev\"><\/span><span class=\"su-slider-next\"><\/span><\/div><div class=\"su-slider-pagination\"><\/div><\/div><\/div>\n<a class=\"synved-social-button synved-social-button-share synved-social-size-24 synved-social-resolution-single synved-social-provider-facebook nolightbox\" data-provider=\"facebook\" target=\"_blank\" rel=\"nofollow\" title=\"Share on Facebook\" href=\"http:\/\/www.facebook.com\/sharer.php?u=https%3A%2F%2Flyceedalembert.paris&#038;t=Visite%20du%20Mus%C3%A9e%20de%20la%20mode%20%E2%80%93%20PALAIS%20GALLIERA%20%E2%80%93%20PARIS&#038;s=100&#038;p&#091;url&#093;=https%3A%2F%2Flyceedalembert.paris&#038;p&#091;images&#093;&#091;0&#093;=https%3A%2F%2Flyceedalembert.paris%2Fwp-content%2Fuploads%2F2016%2F10%2FVisite-Gallier.jpg&#038;p&#091;title&#093;=Visite%20du%20Mus%C3%A9e%20de%20la%20mode%20%E2%80%93%20PALAIS%20GALLIERA%20%E2%80%93%20PARIS\" style=\"font-size: 0px;width:24px;height:24px;margin:0;margin-bottom:5px;margin-right:5px\"><img loading=\"lazy\" decoding=\"async\" alt=\"Facebook\" title=\"Share on Facebook\" class=\"synved-share-image synved-social-image synved-social-image-share\" width=\"24\" height=\"24\" style=\"display: inline;width:24px;height:24px;margin: 0;padding: 0;border: none;box-shadow: none\" src=\"https:\/\/lyceedalembert.paris\/wp-content\/plugins\/social-media-feather\/synved-social\/image\/social\/regular\/48x48\/facebook.png\" \/><\/a><a class=\"synved-social-button synved-social-button-share synved-social-size-24 synved-social-resolution-single synved-social-provider-twitter nolightbox\" data-provider=\"twitter\" target=\"_blank\" rel=\"nofollow\" title=\"Share on Twitter\" href=\"http:\/\/twitter.com\/share?url=https%3A%2F%2Flyceedalembert.paris&#038;text=Hey%20check%20this%20out\" style=\"font-size: 0px;width:24px;height:24px;margin:0;margin-bottom:5px\"><img loading=\"lazy\" decoding=\"async\" alt=\"twitter\" title=\"Share on Twitter\" class=\"synved-share-image synved-social-image synved-social-image-share\" width=\"24\" height=\"24\" style=\"display: inline;width:24px;height:24px;margin: 0;padding: 0;border: none;box-shadow: none\" src=\"https:\/\/lyceedalembert.paris\/wp-content\/plugins\/social-media-feather\/synved-social\/image\/social\/regular\/48x48\/twitter.png\" \/><\/a>","protected":false},"excerpt":{"rendered":"<p>Le Mardi 20 septembre 2016, les classes de terminale BAC PRO CUIR et TS1MMCM b\u00e9n\u00e9fici\u00e9 d&rsquo;une visite guid\u00e9e tr\u00e8s int\u00e9ressante, instructive et tr\u00e8s d\u00e9taill\u00e9e de l\u2019histoire du costume. Une pr\u00e9sentation des diff\u00e9rentes classes sociales \u00e0 travers les diff\u00e9rents costumes, les mat\u00e9riaux vari\u00e9s mais principalement luxueux bien mis en valeur par une visite guid\u00e9e de qualit\u00e9. Les accessoires comme les chaussures, les gants, les chapeaux et quelques articles de maroquinerie ajoutent un int\u00e9r\u00eat suppl\u00e9mentaire aux costumes pr\u00e9sent\u00e9s. Diff\u00e9rents cr\u00e9ateurs contemporains \u00e9taient&hellip;<\/p>\n","protected":false},"author":1,"featured_media":2235,"comment_status":"closed","ping_status":"open","sticky":false,"template":"","format":"standard","meta":{"footnotes":""},"categories":[138],"tags":[],"class_list":["post-2234","post","type-post","status-publish","format-standard","has-post-thumbnail","hentry","category-metiers-de-la-mode-de-la-chaussure-et-de-la-maroquinerie","post-has-thumbnail"],"_links":{"self":[{"href":"https:\/\/lyceedalembert.paris\/index.php\/wp-json\/wp\/v2\/posts\/2234","targetHints":{"allow":["GET"]}}],"collection":[{"href":"https:\/\/lyceedalembert.paris\/index.php\/wp-json\/wp\/v2\/posts"}],"about":[{"href":"https:\/\/lyceedalembert.paris\/index.php\/wp-json\/wp\/v2\/types\/post"}],"author":[{"embeddable":true,"href":"https:\/\/lyceedalembert.paris\/index.php\/wp-json\/wp\/v2\/users\/1"}],"replies":[{"embeddable":true,"href":"https:\/\/lyceedalembert.paris\/index.php\/wp-json\/wp\/v2\/comments?post=2234"}],"version-history":[{"count":1,"href":"https:\/\/lyceedalembert.paris\/index.php\/wp-json\/wp\/v2\/posts\/2234\/revisions"}],"predecessor-version":[{"id":2237,"href":"https:\/\/lyceedalembert.paris\/index.php\/wp-json\/wp\/v2\/posts\/2234\/revisions\/2237"}],"wp:featuredmedia":[{"embeddable":true,"href":"https:\/\/lyceedalembert.paris\/index.php\/wp-json\/wp\/v2\/media\/2235"}],"wp:attachment":[{"href":"https:\/\/lyceedalembert.paris\/index.php\/wp-json\/wp\/v2\/media?parent=2234"}],"wp:term":[{"taxonomy":"category","embeddable":true,"href":"https:\/\/lyceedalembert.paris\/index.php\/wp-json\/wp\/v2\/categories?post=2234"},{"taxonomy":"post_tag","embeddable":true,"href":"https:\/\/lyceedalembert.paris\/index.php\/wp-json\/wp\/v2\/tags?post=2234"}],"curies":[{"name":"wp","href":"https:\/\/api.w.org\/{rel}","templated":true}]}}