{"id":2512,"date":"2017-01-24T13:50:55","date_gmt":"2017-01-24T12:50:55","guid":{"rendered":"http:\/\/lyceedalembert.paris\/?p=2512"},"modified":"2019-12-06T01:26:10","modified_gmt":"2019-12-06T00:26:10","slug":"dossier-de-presse-festival","status":"publish","type":"post","link":"https:\/\/lyceedalembert.paris\/index.php\/2017\/01\/24\/dossier-de-presse-festival\/","title":{"rendered":"Festival 100% Afrique"},"content":{"rendered":"<p>D\u00e9cid\u00e9ment cette ann\u00e9e sera extraordinaire pour les \u00e9l\u00e8ves et personnels du Lyc\u00e9e d&rsquo;Alembert qui sont tous invit\u00e9s par La Villette \u00e0 visiter l&rsquo;exposition <strong>Afrique Capitales<\/strong> dans le cadre du festival 100% Afrique !<\/p>\n<p>Une exposition sur la th\u00e9matique des grandes villes africaines qui rassemble des artistes majeurs tels que Pascale MARTHINE TAYOU, Hassan HAJJAJ,&#8230; et bien d&rsquo;autres !<\/p>\n<p>Toutes les infos sur l&rsquo;exposition en suivant le lien : https:\/\/lavillette.com\/evenement\/festival-100-exposition-afriques-capitales\/<\/p>\n<p><img loading=\"lazy\" decoding=\"async\" src=\"https:\/\/lyceedalembert.paris\/wp-content\/uploads\/2017\/01\/radeau-de-la-m\u00e9duse.jpg\" alt=\"radeau de la m\u00e9duse\" class=\"alignnone size-full wp-image-2556\" width=\"518\" height=\"293\" srcset=\"https:\/\/lyceedalembert.paris\/wp-content\/uploads\/2017\/01\/radeau-de-la-m\u00e9duse.jpg 518w, https:\/\/lyceedalembert.paris\/wp-content\/uploads\/2017\/01\/radeau-de-la-m\u00e9duse-300x170.jpg 300w\" sizes=\"auto, (max-width: 518px) 100vw, 518px\" \/><br \/>\nAlexis PESKINE, Le Radeau de la M\u00e9duse, 2015 \u00a9 Alexis Peskine<\/p>\n<p><img loading=\"lazy\" decoding=\"async\" src=\"https:\/\/lyceedalembert.paris\/wp-content\/uploads\/2017\/01\/Hajjaj.jpg\" alt=\"Hajjaj\" class=\"alignnone size-full wp-image-2558\" width=\"437\" height=\"601\" srcset=\"https:\/\/lyceedalembert.paris\/wp-content\/uploads\/2017\/01\/Hajjaj.jpg 437w, https:\/\/lyceedalembert.paris\/wp-content\/uploads\/2017\/01\/Hajjaj-218x300.jpg 218w\" sizes=\"auto, (max-width: 437px) 100vw, 437px\" \/><br \/>\nHassan HAJJAJ, Blaize, 2013\/1434 \u00a9 Hassan Hajjaj<\/p>\n<a class=\"synved-social-button synved-social-button-share synved-social-size-24 synved-social-resolution-single synved-social-provider-facebook nolightbox\" data-provider=\"facebook\" target=\"_blank\" rel=\"nofollow\" title=\"Share on Facebook\" href=\"http:\/\/www.facebook.com\/sharer.php?u=https%3A%2F%2Flyceedalembert.paris&#038;t=Festival%20100%25%20Afrique&#038;s=100&#038;p&#091;url&#093;=https%3A%2F%2Flyceedalembert.paris&#038;p&#091;images&#093;&#091;0&#093;=https%3A%2F%2Flyceedalembert.paris%2Fwp-content%2Fuploads%2F2017%2F01%2FCapture-1.jpg&#038;p&#091;title&#093;=Festival%20100%25%20Afrique\" style=\"font-size: 0px;width:24px;height:24px;margin:0;margin-bottom:5px;margin-right:5px\"><img loading=\"lazy\" decoding=\"async\" alt=\"Facebook\" title=\"Share on Facebook\" class=\"synved-share-image synved-social-image synved-social-image-share\" width=\"24\" height=\"24\" style=\"display: inline;width:24px;height:24px;margin: 0;padding: 0;border: none;box-shadow: none\" src=\"https:\/\/lyceedalembert.paris\/wp-content\/plugins\/social-media-feather\/synved-social\/image\/social\/regular\/48x48\/facebook.png\" \/><\/a><a class=\"synved-social-button synved-social-button-share synved-social-size-24 synved-social-resolution-single synved-social-provider-twitter nolightbox\" data-provider=\"twitter\" target=\"_blank\" rel=\"nofollow\" title=\"Share on Twitter\" href=\"http:\/\/twitter.com\/share?url=https%3A%2F%2Flyceedalembert.paris&#038;text=Hey%20check%20this%20out\" style=\"font-size: 0px;width:24px;height:24px;margin:0;margin-bottom:5px\"><img loading=\"lazy\" decoding=\"async\" alt=\"twitter\" title=\"Share on Twitter\" class=\"synved-share-image synved-social-image synved-social-image-share\" width=\"24\" height=\"24\" style=\"display: inline;width:24px;height:24px;margin: 0;padding: 0;border: none;box-shadow: none\" src=\"https:\/\/lyceedalembert.paris\/wp-content\/plugins\/social-media-feather\/synved-social\/image\/social\/regular\/48x48\/twitter.png\" \/><\/a>","protected":false},"excerpt":{"rendered":"<p>D\u00e9cid\u00e9ment cette ann\u00e9e sera extraordinaire pour les \u00e9l\u00e8ves et personnels du Lyc\u00e9e d&rsquo;Alembert qui sont tous invit\u00e9s par La Villette \u00e0 visiter l&rsquo;exposition Afrique Capitales dans le cadre du festival 100% Afrique ! Une exposition sur la th\u00e9matique des grandes villes africaines qui rassemble des artistes majeurs tels que Pascale MARTHINE TAYOU, Hassan HAJJAJ,&#8230; et bien d&rsquo;autres ! Toutes les infos sur l&rsquo;exposition en suivant le lien : https:\/\/lavillette.com\/evenement\/festival-100-exposition-afriques-capitales\/ Alexis PESKINE, Le Radeau de la M\u00e9duse, 2015 \u00a9 Alexis Peskine&hellip;<\/p>\n","protected":false},"author":1,"featured_media":2542,"comment_status":"closed","ping_status":"open","sticky":false,"template":"","format":"standard","meta":{"footnotes":""},"categories":[51,64,13],"tags":[],"class_list":["post-2512","post","type-post","status-publish","format-standard","has-post-thumbnail","hentry","category-art","category-developpement-culturel","category-evenements","post-has-thumbnail"],"_links":{"self":[{"href":"https:\/\/lyceedalembert.paris\/index.php\/wp-json\/wp\/v2\/posts\/2512","targetHints":{"allow":["GET"]}}],"collection":[{"href":"https:\/\/lyceedalembert.paris\/index.php\/wp-json\/wp\/v2\/posts"}],"about":[{"href":"https:\/\/lyceedalembert.paris\/index.php\/wp-json\/wp\/v2\/types\/post"}],"author":[{"embeddable":true,"href":"https:\/\/lyceedalembert.paris\/index.php\/wp-json\/wp\/v2\/users\/1"}],"replies":[{"embeddable":true,"href":"https:\/\/lyceedalembert.paris\/index.php\/wp-json\/wp\/v2\/comments?post=2512"}],"version-history":[{"count":3,"href":"https:\/\/lyceedalembert.paris\/index.php\/wp-json\/wp\/v2\/posts\/2512\/revisions"}],"predecessor-version":[{"id":5249,"href":"https:\/\/lyceedalembert.paris\/index.php\/wp-json\/wp\/v2\/posts\/2512\/revisions\/5249"}],"wp:featuredmedia":[{"embeddable":true,"href":"https:\/\/lyceedalembert.paris\/index.php\/wp-json\/wp\/v2\/media\/2542"}],"wp:attachment":[{"href":"https:\/\/lyceedalembert.paris\/index.php\/wp-json\/wp\/v2\/media?parent=2512"}],"wp:term":[{"taxonomy":"category","embeddable":true,"href":"https:\/\/lyceedalembert.paris\/index.php\/wp-json\/wp\/v2\/categories?post=2512"},{"taxonomy":"post_tag","embeddable":true,"href":"https:\/\/lyceedalembert.paris\/index.php\/wp-json\/wp\/v2\/tags?post=2512"}],"curies":[{"name":"wp","href":"https:\/\/api.w.org\/{rel}","templated":true}]}}