{"id":2918,"date":"2017-05-04T08:01:18","date_gmt":"2017-05-04T07:01:18","guid":{"rendered":"http:\/\/lyceedalembert.paris\/?p=2918"},"modified":"2019-12-06T00:53:00","modified_gmt":"2019-12-05T23:53:00","slug":"forum-dynamiques-culturelles-territoire-2assp1","status":"publish","type":"post","link":"https:\/\/lyceedalembert.paris\/index.php\/2017\/05\/04\/forum-dynamiques-culturelles-territoire-2assp1\/","title":{"rendered":"FORUM des dynamiques culturelles du territoire &#8211; 2ASSP1"},"content":{"rendered":"<div class=\"top_details\">\n<div class=\"row\">\n<div class=\"columns large-9\">\n<h2 class=\"title palette-two-text left-border palette-two-bg-before\"><span style=\"color: #ff6600;\">Les \u00e9l\u00e8ves de 2ASSP1 accompagn\u00e9s de Madame FELLOUS pr\u00e9sentent leur film r\u00e9alis\u00e9 avec les artistes d&rsquo;AGAPANTHE au Centquatre le 17 mai \u00e0 partir de 18h !<\/span><\/h2>\n<p>Exposition du 17.05 &gt; 04.06.2017<\/p>\n<div class=\"description\">\n<p class=\"intro\">Temps fort de l\u2019action territoriale d\u00e9velopp\u00e9e par le CENTQUATRE avec ses partenaires (associations, \u00e9tablissements scolaires, centres sociaux, compagnies amateurs), le FORUM des dynamiques culturelles du territoire cherche \u00e0 valoriser les d\u00e9marches exigeantes men\u00e9es en faveur de l\u2019acc\u00e8s de tous \u00e0 la culture. Venez d\u00e9couvrir la richesse et la diversit\u00e9 des pratiques artistiques amateurs d\u00e9velopp\u00e9es sur le territoire du Nord-Est parisien.<\/p>\n<\/div>\n<\/div>\n<\/div>\n<\/div>\n<a class=\"synved-social-button synved-social-button-share synved-social-size-24 synved-social-resolution-single synved-social-provider-facebook nolightbox\" data-provider=\"facebook\" target=\"_blank\" rel=\"nofollow\" title=\"Share on Facebook\" href=\"http:\/\/www.facebook.com\/sharer.php?u=https%3A%2F%2Flyceedalembert.paris&#038;t=FORUM%20des%20dynamiques%20culturelles%20du%20territoire%20%E2%80%93%202ASSP1&#038;s=100&#038;p&#091;url&#093;=https%3A%2F%2Flyceedalembert.paris&#038;p&#091;images&#093;&#091;0&#093;=https%3A%2F%2Flyceedalembert.paris%2Fwp-content%2Fuploads%2F2017%2F05%2FCapture-forum.jpg&#038;p&#091;title&#093;=FORUM%20des%20dynamiques%20culturelles%20du%20territoire%20%E2%80%93%202ASSP1\" style=\"font-size: 0px;width:24px;height:24px;margin:0;margin-bottom:5px;margin-right:5px\"><img loading=\"lazy\" decoding=\"async\" alt=\"Facebook\" title=\"Share on Facebook\" class=\"synved-share-image synved-social-image synved-social-image-share\" width=\"24\" height=\"24\" style=\"display: inline;width:24px;height:24px;margin: 0;padding: 0;border: none;box-shadow: none\" src=\"https:\/\/lyceedalembert.paris\/wp-content\/plugins\/social-media-feather\/synved-social\/image\/social\/regular\/48x48\/facebook.png\" \/><\/a><a class=\"synved-social-button synved-social-button-share synved-social-size-24 synved-social-resolution-single synved-social-provider-twitter nolightbox\" data-provider=\"twitter\" target=\"_blank\" rel=\"nofollow\" title=\"Share on Twitter\" href=\"http:\/\/twitter.com\/share?url=https%3A%2F%2Flyceedalembert.paris&#038;text=Hey%20check%20this%20out\" style=\"font-size: 0px;width:24px;height:24px;margin:0;margin-bottom:5px\"><img loading=\"lazy\" decoding=\"async\" alt=\"twitter\" title=\"Share on Twitter\" class=\"synved-share-image synved-social-image synved-social-image-share\" width=\"24\" height=\"24\" style=\"display: inline;width:24px;height:24px;margin: 0;padding: 0;border: none;box-shadow: none\" src=\"https:\/\/lyceedalembert.paris\/wp-content\/plugins\/social-media-feather\/synved-social\/image\/social\/regular\/48x48\/twitter.png\" \/><\/a>","protected":false},"excerpt":{"rendered":"<p>Les \u00e9l\u00e8ves de 2ASSP1 accompagn\u00e9s de Madame FELLOUS pr\u00e9sentent leur film r\u00e9alis\u00e9 avec les artistes d&rsquo;AGAPANTHE au Centquatre le 17 mai \u00e0 partir de 18h ! Exposition du 17.05 &gt; 04.06.2017 Temps fort de l\u2019action territoriale d\u00e9velopp\u00e9e par le CENTQUATRE avec ses partenaires (associations, \u00e9tablissements scolaires, centres sociaux, compagnies amateurs), le FORUM des dynamiques culturelles du territoire cherche \u00e0 valoriser les d\u00e9marches exigeantes men\u00e9es en faveur de l\u2019acc\u00e8s de tous \u00e0 la culture. Venez d\u00e9couvrir la richesse et la diversit\u00e9&hellip;<\/p>\n","protected":false},"author":1,"featured_media":2919,"comment_status":"closed","ping_status":"open","sticky":false,"template":"","format":"standard","meta":{"footnotes":""},"categories":[31,19],"tags":[],"class_list":["post-2918","post","type-post","status-publish","format-standard","has-post-thumbnail","hentry","category-bac-pro-assp","category-19","post-has-thumbnail"],"_links":{"self":[{"href":"https:\/\/lyceedalembert.paris\/index.php\/wp-json\/wp\/v2\/posts\/2918","targetHints":{"allow":["GET"]}}],"collection":[{"href":"https:\/\/lyceedalembert.paris\/index.php\/wp-json\/wp\/v2\/posts"}],"about":[{"href":"https:\/\/lyceedalembert.paris\/index.php\/wp-json\/wp\/v2\/types\/post"}],"author":[{"embeddable":true,"href":"https:\/\/lyceedalembert.paris\/index.php\/wp-json\/wp\/v2\/users\/1"}],"replies":[{"embeddable":true,"href":"https:\/\/lyceedalembert.paris\/index.php\/wp-json\/wp\/v2\/comments?post=2918"}],"version-history":[{"count":1,"href":"https:\/\/lyceedalembert.paris\/index.php\/wp-json\/wp\/v2\/posts\/2918\/revisions"}],"predecessor-version":[{"id":2920,"href":"https:\/\/lyceedalembert.paris\/index.php\/wp-json\/wp\/v2\/posts\/2918\/revisions\/2920"}],"wp:featuredmedia":[{"embeddable":true,"href":"https:\/\/lyceedalembert.paris\/index.php\/wp-json\/wp\/v2\/media\/2919"}],"wp:attachment":[{"href":"https:\/\/lyceedalembert.paris\/index.php\/wp-json\/wp\/v2\/media?parent=2918"}],"wp:term":[{"taxonomy":"category","embeddable":true,"href":"https:\/\/lyceedalembert.paris\/index.php\/wp-json\/wp\/v2\/categories?post=2918"},{"taxonomy":"post_tag","embeddable":true,"href":"https:\/\/lyceedalembert.paris\/index.php\/wp-json\/wp\/v2\/tags?post=2918"}],"curies":[{"name":"wp","href":"https:\/\/api.w.org\/{rel}","templated":true}]}}