{"id":2922,"date":"2017-05-06T06:30:45","date_gmt":"2017-05-06T05:30:45","guid":{"rendered":"http:\/\/lyceedalembert.paris\/?p=2922"},"modified":"2019-12-06T01:16:16","modified_gmt":"2019-12-06T00:16:16","slug":"visite-de-podo-france","status":"publish","type":"post","link":"https:\/\/lyceedalembert.paris\/index.php\/2017\/05\/06\/visite-de-podo-france\/","title":{"rendered":"Visite de PODO France"},"content":{"rendered":"<div id='gallery-1' class='gallery galleryid-2922 gallery-columns-3 gallery-size-thumbnail'><dl class='gallery-item'>\n\t\t\t<dt class='gallery-icon landscape'>\n\t\t\t\t<a href='https:\/\/lyceedalembert.paris\/index.php\/2017\/05\/06\/visite-de-podo-france\/podofrance3\/'><img loading=\"lazy\" decoding=\"async\" width=\"150\" height=\"150\" src=\"https:\/\/lyceedalembert.paris\/wp-content\/uploads\/2017\/05\/podofrance3-150x150.jpg\" class=\"attachment-thumbnail size-thumbnail\" alt=\"\" \/><\/a>\n\t\t\t<\/dt><\/dl><dl class='gallery-item'>\n\t\t\t<dt class='gallery-icon landscape'>\n\t\t\t\t<a href='https:\/\/lyceedalembert.paris\/index.php\/2017\/05\/06\/visite-de-podo-france\/podofrance1\/'><img loading=\"lazy\" decoding=\"async\" width=\"150\" height=\"150\" src=\"https:\/\/lyceedalembert.paris\/wp-content\/uploads\/2017\/05\/podofrance1-150x150.jpg\" class=\"attachment-thumbnail size-thumbnail\" alt=\"\" \/><\/a>\n\t\t\t<\/dt><\/dl><dl class='gallery-item'>\n\t\t\t<dt class='gallery-icon landscape'>\n\t\t\t\t<a href='https:\/\/lyceedalembert.paris\/index.php\/2017\/05\/06\/visite-de-podo-france\/podofrance2\/'><img loading=\"lazy\" decoding=\"async\" width=\"150\" height=\"150\" src=\"https:\/\/lyceedalembert.paris\/wp-content\/uploads\/2017\/05\/podofrance2-150x150.jpg\" class=\"attachment-thumbnail size-thumbnail\" alt=\"\" \/><\/a>\n\t\t\t<\/dt><\/dl><br style=\"clear: both\" \/><dl class='gallery-item'>\n\t\t\t<dt class='gallery-icon landscape'>\n\t\t\t\t<a href='https:\/\/lyceedalembert.paris\/index.php\/2017\/05\/06\/visite-de-podo-france\/podofrance4\/'><img loading=\"lazy\" decoding=\"async\" width=\"150\" height=\"150\" src=\"https:\/\/lyceedalembert.paris\/wp-content\/uploads\/2017\/05\/podofrance4-150x150.jpg\" class=\"attachment-thumbnail size-thumbnail\" alt=\"\" \/><\/a>\n\t\t\t<\/dt><\/dl>\n\t\t\t<br style='clear: both' \/>\n\t\t<\/div>\n\n<p><span style=\"margin: 0px; font-family: &quot;&quot;; font-size: 12pt;\"><span style=\"color: #000000;\">Jeudi 27 avril, les \u00e9tudiants en 2\u00e8me ann\u00e9e de BTS Podo-orth\u00e8siste, leurs enseignants Messieurs Klur et Marini et Mme Ouanson, DDFPT ont&nbsp; visit\u00e9 PODO France \u00e0 TORCY en Seine et Marne, entreprise sp\u00e9cialis\u00e9e dans les mat\u00e9riels, les mat\u00e9riaux, la fabrication de semelles orthop\u00e9diques et d\u2019orth\u00e8ses plantaires. <\/span><\/span><\/p>\n<p><span style=\"margin: 0px; font-family: &quot;&quot;; font-size: 12pt;\"><span style=\"color: #000000;\">Apr\u00e8s une pr\u00e9sentation tr\u00e8s compl\u00e8te de la gamme des mat\u00e9riaux et des nouveaut\u00e9s technologiques d\u2019aide au plan d\u2019appareillage et un&nbsp; passage au Showroom, la journ\u00e9e s&rsquo;est achev\u00e9e sur la visite des ateliers d\u2019usinage des semelles. <\/span><\/span><\/p>\n<p><span style=\"margin: 0px; font-family: &quot;&quot;; font-size: 12pt;\"><span style=\"color: #000000;\">Nous remercions le Directeur G\u00e9n\u00e9ral Monsieur Aur\u00e9lien CARDINET , ses collaborateurs Monsieur Pascal PIQUE (Directeur Commercial), Monsieur Franck DERMY (Chef de Produit), ainsi que l\u2019\u00e9quipe de fabrication, Claude et Serge,qui encadrent tr\u00e8s r\u00e9guli\u00e8rement nos \u00e9l\u00e8ves et \u00e9tudiants lors des stages en milieu professionnel, pour cette journ\u00e9e riche <\/span><\/span><span style=\"margin: 0px; font-family: &quot;&quot;; font-size: 12pt;\"><span style=\"color: #000000;\">d&rsquo;\u00e9changes, de connaissances mais aussi de convivialit\u00e9.<\/span><\/span><span style=\"margin: 0px; font-family: 'Times New Roman',serif; font-size: 12pt;\"><span style=\"color: #000000;\">. <\/span><\/span><\/p>\n<a class=\"synved-social-button synved-social-button-share synved-social-size-24 synved-social-resolution-single synved-social-provider-facebook nolightbox\" data-provider=\"facebook\" target=\"_blank\" rel=\"nofollow\" title=\"Share on Facebook\" href=\"http:\/\/www.facebook.com\/sharer.php?u=https%3A%2F%2Flyceedalembert.paris&#038;t=Visite%20de%20PODO%20France&#038;s=100&#038;p&#091;url&#093;=https%3A%2F%2Flyceedalembert.paris&#038;p&#091;images&#093;&#091;0&#093;=https%3A%2F%2Flyceedalembert.paris%2Fwp-content%2Fuploads%2F2017%2F05%2Fpodofrance3.jpg&#038;p&#091;title&#093;=Visite%20de%20PODO%20France\" style=\"font-size: 0px;width:24px;height:24px;margin:0;margin-bottom:5px;margin-right:5px\"><img loading=\"lazy\" decoding=\"async\" alt=\"Facebook\" title=\"Share on Facebook\" class=\"synved-share-image synved-social-image synved-social-image-share\" width=\"24\" height=\"24\" style=\"display: inline;width:24px;height:24px;margin: 0;padding: 0;border: none;box-shadow: none\" src=\"https:\/\/lyceedalembert.paris\/wp-content\/plugins\/social-media-feather\/synved-social\/image\/social\/regular\/48x48\/facebook.png\" \/><\/a><a class=\"synved-social-button synved-social-button-share synved-social-size-24 synved-social-resolution-single synved-social-provider-twitter nolightbox\" data-provider=\"twitter\" target=\"_blank\" rel=\"nofollow\" title=\"Share on Twitter\" href=\"http:\/\/twitter.com\/share?url=https%3A%2F%2Flyceedalembert.paris&#038;text=Hey%20check%20this%20out\" style=\"font-size: 0px;width:24px;height:24px;margin:0;margin-bottom:5px\"><img loading=\"lazy\" decoding=\"async\" alt=\"twitter\" title=\"Share on Twitter\" class=\"synved-share-image synved-social-image synved-social-image-share\" width=\"24\" height=\"24\" style=\"display: inline;width:24px;height:24px;margin: 0;padding: 0;border: none;box-shadow: none\" src=\"https:\/\/lyceedalembert.paris\/wp-content\/plugins\/social-media-feather\/synved-social\/image\/social\/regular\/48x48\/twitter.png\" \/><\/a>","protected":false},"excerpt":{"rendered":"<p>Jeudi 27 avril, les \u00e9tudiants en 2\u00e8me ann\u00e9e de BTS Podo-orth\u00e8siste, leurs enseignants Messieurs Klur et Marini et Mme Ouanson, DDFPT ont&nbsp; visit\u00e9 PODO France \u00e0 TORCY en Seine et Marne, entreprise sp\u00e9cialis\u00e9e dans les mat\u00e9riels, les mat\u00e9riaux, la fabrication de semelles orthop\u00e9diques et d\u2019orth\u00e8ses plantaires. Apr\u00e8s une pr\u00e9sentation tr\u00e8s compl\u00e8te de la gamme des mat\u00e9riaux et des nouveaut\u00e9s technologiques d\u2019aide au plan d\u2019appareillage et un&nbsp; passage au Showroom, la journ\u00e9e s&rsquo;est achev\u00e9e sur la visite des ateliers d\u2019usinage des&hellip;<\/p>\n","protected":false},"author":1,"featured_media":2926,"comment_status":"closed","ping_status":"open","sticky":false,"template":"","format":"standard","meta":{"footnotes":""},"categories":[136],"tags":[],"class_list":["post-2922","post","type-post","status-publish","format-standard","has-post-thumbnail","hentry","category-podo-orthese","post-has-thumbnail"],"_links":{"self":[{"href":"https:\/\/lyceedalembert.paris\/index.php\/wp-json\/wp\/v2\/posts\/2922","targetHints":{"allow":["GET"]}}],"collection":[{"href":"https:\/\/lyceedalembert.paris\/index.php\/wp-json\/wp\/v2\/posts"}],"about":[{"href":"https:\/\/lyceedalembert.paris\/index.php\/wp-json\/wp\/v2\/types\/post"}],"author":[{"embeddable":true,"href":"https:\/\/lyceedalembert.paris\/index.php\/wp-json\/wp\/v2\/users\/1"}],"replies":[{"embeddable":true,"href":"https:\/\/lyceedalembert.paris\/index.php\/wp-json\/wp\/v2\/comments?post=2922"}],"version-history":[{"count":4,"href":"https:\/\/lyceedalembert.paris\/index.php\/wp-json\/wp\/v2\/posts\/2922\/revisions"}],"predecessor-version":[{"id":5242,"href":"https:\/\/lyceedalembert.paris\/index.php\/wp-json\/wp\/v2\/posts\/2922\/revisions\/5242"}],"wp:featuredmedia":[{"embeddable":true,"href":"https:\/\/lyceedalembert.paris\/index.php\/wp-json\/wp\/v2\/media\/2926"}],"wp:attachment":[{"href":"https:\/\/lyceedalembert.paris\/index.php\/wp-json\/wp\/v2\/media?parent=2922"}],"wp:term":[{"taxonomy":"category","embeddable":true,"href":"https:\/\/lyceedalembert.paris\/index.php\/wp-json\/wp\/v2\/categories?post=2922"},{"taxonomy":"post_tag","embeddable":true,"href":"https:\/\/lyceedalembert.paris\/index.php\/wp-json\/wp\/v2\/tags?post=2922"}],"curies":[{"name":"wp","href":"https:\/\/api.w.org\/{rel}","templated":true}]}}