{"id":3698,"date":"2018-01-22T11:55:16","date_gmt":"2018-01-22T10:55:16","guid":{"rendered":"http:\/\/lyceedalembert.paris\/?p=3698"},"modified":"2019-12-09T16:48:42","modified_gmt":"2019-12-09T15:48:42","slug":"seance-cinema-amnesty-international","status":"publish","type":"post","link":"https:\/\/lyceedalembert.paris\/index.php\/2018\/01\/22\/seance-cinema-amnesty-international\/","title":{"rendered":"S\u00e9ance cin\u00e9ma avec Amnesty International"},"content":{"rendered":"<p>Trois classes se sont rendues \u00e0 la&nbsp;projection du film&nbsp;<strong>LOVING&nbsp;<\/strong>de Jeff Nichols qui a \u00e9t\u00e9&nbsp;en comp\u00e9tition officielle au Festival de Cannes 2016. Une s\u00e9ance cin\u00e9ma&nbsp;au<strong> Cin\u00e9ma des Cin\u00e9astes&nbsp;<\/strong>organis\u00e9e par Amnesty International dans le cadre de sa mission d\u2019\u00e9ducation aux droits humains.<\/p>\n<p>Une projection qui a re\u00e7u le soutien de la D\u00e9l\u00e9gation aux Arts et \u00e0 la Culture de l\u2019Acad\u00e9mie de Paris et qui s&rsquo;est cl\u00f4tur\u00e9e avec un d\u00e9bat&nbsp;anim\u00e9 par Nathalie Berger, coordination Etats-Unis d\u2019Amnesty International France.<\/p>\n<p>Le film qui aborde les th\u00e8mes de la<strong> lutte pour les droits civiques<\/strong> aux Etats-Unis et de la <strong>discrimination raciale<\/strong> : Mildred est noire, Richard est blanc. Ils s\u2019aiment, mais en 1958, dans leur Virginie natale, les couples mixtes sont ille\u0301gaux. Pour ce \u00ab de\u0301lit \u00bb, ils risquent la prison. Poursuivis comme des de\u0301linquants, force\u0301s a\u0300 l\u2019exil dans un autre Etat, les bien-nomme\u0301s e\u0301poux Loving sont devenus des symboles de la lutte pour les droits civiques, dans une Ame\u0301rique encore massivement se\u0301gre\u0301gationniste. Leur cas exemplaire, porte\u0301 devant la Cour supre\u0302me, a change\u0301 les lois et leur belle histoire d\u2019amour le cours de l\u2019histoire.<\/p>\n<blockquote><p><em><strong>\u00c9l\u00e8ves et enseignants ont \u00e9t\u00e9 unanimes pour dire que le film et le d\u00e9bat \u00e9taient tous deux d&rsquo;une grande qualit\u00e9 ! Merci au&nbsp;Cin\u00e9ma des Cin\u00e9astes,&nbsp; Amnesty International, \u00e0 la DAAC de nous avoir permis de vivre ce moment exceptionnel !&nbsp;<\/strong><\/em><\/p><\/blockquote>\n<p>Pour suivre la programmation du&nbsp;Cin\u00e9ma des Cin\u00e9astes, 7 avenue de Clichy 75017 Paris, m\u00e9tro&nbsp;: Place de Clichy<br \/>\ncliquez <a href=\"https:\/\/cinema-des-cineastes.fr\/\">ICI<\/a><\/p>\n<p>Pour suivre l&rsquo;action de :&nbsp;<a href=\"https:\/\/www.amnesty.fr\/\">Amnesty&nbsp;International<\/a><\/p>\n<p><img loading=\"lazy\" decoding=\"async\" class=\"size-full wp-image-3699 aligncenter\" src=\"https:\/\/lyceedalembert.paris\/wp-content\/uploads\/2018\/01\/Capture-loving.jpg\" alt=\"\" width=\"546\" height=\"772\" srcset=\"https:\/\/lyceedalembert.paris\/wp-content\/uploads\/2018\/01\/Capture-loving.jpg 546w, https:\/\/lyceedalembert.paris\/wp-content\/uploads\/2018\/01\/Capture-loving-212x300.jpg 212w\" sizes=\"auto, (max-width: 546px) 100vw, 546px\" \/><\/p>\n<p>&nbsp;<\/p>\n<a class=\"synved-social-button synved-social-button-share synved-social-size-24 synved-social-resolution-single synved-social-provider-facebook nolightbox\" data-provider=\"facebook\" target=\"_blank\" rel=\"nofollow\" title=\"Share on Facebook\" href=\"http:\/\/www.facebook.com\/sharer.php?u=https%3A%2F%2Flyceedalembert.paris&#038;t=S%C3%A9ance%20cin%C3%A9ma%20avec%20Amnesty%20International&#038;s=100&#038;p&#091;url&#093;=https%3A%2F%2Flyceedalembert.paris&#038;p&#091;images&#093;&#091;0&#093;=https%3A%2F%2Flyceedalembert.paris%2Fwp-content%2Fuploads%2F2018%2F01%2Fimage3-1.jpg&#038;p&#091;title&#093;=S%C3%A9ance%20cin%C3%A9ma%20avec%20Amnesty%20International\" style=\"font-size: 0px;width:24px;height:24px;margin:0;margin-bottom:5px;margin-right:5px\"><img loading=\"lazy\" decoding=\"async\" alt=\"Facebook\" title=\"Share on Facebook\" class=\"synved-share-image synved-social-image synved-social-image-share\" width=\"24\" height=\"24\" style=\"display: inline;width:24px;height:24px;margin: 0;padding: 0;border: none;box-shadow: none\" src=\"https:\/\/lyceedalembert.paris\/wp-content\/plugins\/social-media-feather\/synved-social\/image\/social\/regular\/48x48\/facebook.png\" \/><\/a><a class=\"synved-social-button synved-social-button-share synved-social-size-24 synved-social-resolution-single synved-social-provider-twitter nolightbox\" data-provider=\"twitter\" target=\"_blank\" rel=\"nofollow\" title=\"Share on Twitter\" href=\"http:\/\/twitter.com\/share?url=https%3A%2F%2Flyceedalembert.paris&#038;text=Hey%20check%20this%20out\" style=\"font-size: 0px;width:24px;height:24px;margin:0;margin-bottom:5px\"><img loading=\"lazy\" decoding=\"async\" alt=\"twitter\" title=\"Share on Twitter\" class=\"synved-share-image synved-social-image synved-social-image-share\" width=\"24\" height=\"24\" style=\"display: inline;width:24px;height:24px;margin: 0;padding: 0;border: none;box-shadow: none\" src=\"https:\/\/lyceedalembert.paris\/wp-content\/plugins\/social-media-feather\/synved-social\/image\/social\/regular\/48x48\/twitter.png\" \/><\/a>","protected":false},"excerpt":{"rendered":"<p>Trois classes se sont rendues \u00e0 la&nbsp;projection du film&nbsp;LOVING&nbsp;de Jeff Nichols qui a \u00e9t\u00e9&nbsp;en comp\u00e9tition officielle au Festival de Cannes 2016. Une s\u00e9ance cin\u00e9ma&nbsp;au Cin\u00e9ma des Cin\u00e9astes&nbsp;organis\u00e9e par Amnesty International dans le cadre de sa mission d\u2019\u00e9ducation aux droits humains. Une projection qui a re\u00e7u le soutien de la D\u00e9l\u00e9gation aux Arts et \u00e0 la Culture de l\u2019Acad\u00e9mie de Paris et qui s&rsquo;est cl\u00f4tur\u00e9e avec un d\u00e9bat&nbsp;anim\u00e9 par Nathalie Berger, coordination Etats-Unis d\u2019Amnesty International France. Le film qui aborde les&hellip;<\/p>\n","protected":false},"author":1,"featured_media":3700,"comment_status":"closed","ping_status":"open","sticky":false,"template":"","format":"standard","meta":{"footnotes":""},"categories":[14,16,64,15],"tags":[141,114,100],"class_list":["post-3698","post","type-post","status-publish","format-standard","has-post-thumbnail","hentry","category-action","category-cvl","category-developpement-culturel","category-mdl","tag-activites-socio-educative-animations","tag-video","tag-vivre-ensemble","post-has-thumbnail"],"_links":{"self":[{"href":"https:\/\/lyceedalembert.paris\/index.php\/wp-json\/wp\/v2\/posts\/3698","targetHints":{"allow":["GET"]}}],"collection":[{"href":"https:\/\/lyceedalembert.paris\/index.php\/wp-json\/wp\/v2\/posts"}],"about":[{"href":"https:\/\/lyceedalembert.paris\/index.php\/wp-json\/wp\/v2\/types\/post"}],"author":[{"embeddable":true,"href":"https:\/\/lyceedalembert.paris\/index.php\/wp-json\/wp\/v2\/users\/1"}],"replies":[{"embeddable":true,"href":"https:\/\/lyceedalembert.paris\/index.php\/wp-json\/wp\/v2\/comments?post=3698"}],"version-history":[{"count":6,"href":"https:\/\/lyceedalembert.paris\/index.php\/wp-json\/wp\/v2\/posts\/3698\/revisions"}],"predecessor-version":[{"id":5349,"href":"https:\/\/lyceedalembert.paris\/index.php\/wp-json\/wp\/v2\/posts\/3698\/revisions\/5349"}],"wp:featuredmedia":[{"embeddable":true,"href":"https:\/\/lyceedalembert.paris\/index.php\/wp-json\/wp\/v2\/media\/3700"}],"wp:attachment":[{"href":"https:\/\/lyceedalembert.paris\/index.php\/wp-json\/wp\/v2\/media?parent=3698"}],"wp:term":[{"taxonomy":"category","embeddable":true,"href":"https:\/\/lyceedalembert.paris\/index.php\/wp-json\/wp\/v2\/categories?post=3698"},{"taxonomy":"post_tag","embeddable":true,"href":"https:\/\/lyceedalembert.paris\/index.php\/wp-json\/wp\/v2\/tags?post=3698"}],"curies":[{"name":"wp","href":"https:\/\/api.w.org\/{rel}","templated":true}]}}