{"id":3868,"date":"2018-03-12T14:01:05","date_gmt":"2018-03-12T13:01:05","guid":{"rendered":"http:\/\/lyceedalembert.paris\/?p=3868"},"modified":"2019-12-09T16:53:01","modified_gmt":"2019-12-09T15:53:01","slug":"video-de-journee-africaine","status":"publish","type":"post","link":"https:\/\/lyceedalembert.paris\/index.php\/2018\/03\/12\/video-de-journee-africaine\/","title":{"rendered":"La vid\u00e9o de la journ\u00e9e africaine"},"content":{"rendered":"<p>En lien la vid\u00e9o r\u00e9alis\u00e9e par M. Guiot sur la journ\u00e9e de la culture africaine ! Merci aux Bac SPVL pour ce moment m\u00e9morable.<\/p>\n<p>N&rsquo;oubliez pas de LIKER la cha\u00eene YOUTUBE du Lyc\u00e9e d&rsquo;Alembert !<\/p>\n<p><a href=\"http:\/\/youtu.be\/IRtQ88WX_UI\">http:\/\/youtu.be\/IRtQ88WX_UI<\/a><\/p>\n<p>&nbsp;<\/p>\n<a class=\"synved-social-button synved-social-button-share synved-social-size-24 synved-social-resolution-single synved-social-provider-facebook nolightbox\" data-provider=\"facebook\" target=\"_blank\" rel=\"nofollow\" title=\"Share on Facebook\" href=\"http:\/\/www.facebook.com\/sharer.php?u=https%3A%2F%2Flyceedalembert.paris&#038;t=La%20vid%C3%A9o%20de%20la%20journ%C3%A9e%20africaine&#038;s=100&#038;p&#091;url&#093;=https%3A%2F%2Flyceedalembert.paris&#038;p&#091;images&#093;&#091;0&#093;=https%3A%2F%2Flyceedalembert.paris%2Fwp-content%2Fuploads%2F2018%2F03%2FCapture-JCA.jpg&#038;p&#091;title&#093;=La%20vid%C3%A9o%20de%20la%20journ%C3%A9e%20africaine\" style=\"font-size: 0px;width:24px;height:24px;margin:0;margin-bottom:5px;margin-right:5px\"><img loading=\"lazy\" decoding=\"async\" alt=\"Facebook\" title=\"Share on Facebook\" class=\"synved-share-image synved-social-image synved-social-image-share\" width=\"24\" height=\"24\" style=\"display: inline;width:24px;height:24px;margin: 0;padding: 0;border: none;box-shadow: none\" src=\"https:\/\/lyceedalembert.paris\/wp-content\/plugins\/social-media-feather\/synved-social\/image\/social\/regular\/48x48\/facebook.png\" \/><\/a><a class=\"synved-social-button synved-social-button-share synved-social-size-24 synved-social-resolution-single synved-social-provider-twitter nolightbox\" data-provider=\"twitter\" target=\"_blank\" rel=\"nofollow\" title=\"Share on Twitter\" href=\"http:\/\/twitter.com\/share?url=https%3A%2F%2Flyceedalembert.paris&#038;text=Hey%20check%20this%20out\" style=\"font-size: 0px;width:24px;height:24px;margin:0;margin-bottom:5px\"><img loading=\"lazy\" decoding=\"async\" alt=\"twitter\" title=\"Share on Twitter\" class=\"synved-share-image synved-social-image synved-social-image-share\" width=\"24\" height=\"24\" style=\"display: inline;width:24px;height:24px;margin: 0;padding: 0;border: none;box-shadow: none\" src=\"https:\/\/lyceedalembert.paris\/wp-content\/plugins\/social-media-feather\/synved-social\/image\/social\/regular\/48x48\/twitter.png\" \/><\/a>","protected":false},"excerpt":{"rendered":"<p>En lien la vid\u00e9o r\u00e9alis\u00e9e par M. Guiot sur la journ\u00e9e de la culture africaine ! Merci aux Bac SPVL pour ce moment m\u00e9morable. N&rsquo;oubliez pas de LIKER la cha\u00eene YOUTUBE du Lyc\u00e9e d&rsquo;Alembert ! http:\/\/youtu.be\/IRtQ88WX_UI &nbsp;<\/p>\n","protected":false},"author":1,"featured_media":3870,"comment_status":"closed","ping_status":"open","sticky":false,"template":"","format":"standard","meta":{"footnotes":""},"categories":[14,43,13,15,53],"tags":[63,114],"class_list":["post-3868","post","type-post","status-publish","format-standard","has-post-thumbnail","hentry","category-action","category-danse","category-evenements","category-mdl","category-spvl","tag-activites-culturelles-theatre","tag-video","post-has-thumbnail"],"_links":{"self":[{"href":"https:\/\/lyceedalembert.paris\/index.php\/wp-json\/wp\/v2\/posts\/3868","targetHints":{"allow":["GET"]}}],"collection":[{"href":"https:\/\/lyceedalembert.paris\/index.php\/wp-json\/wp\/v2\/posts"}],"about":[{"href":"https:\/\/lyceedalembert.paris\/index.php\/wp-json\/wp\/v2\/types\/post"}],"author":[{"embeddable":true,"href":"https:\/\/lyceedalembert.paris\/index.php\/wp-json\/wp\/v2\/users\/1"}],"replies":[{"embeddable":true,"href":"https:\/\/lyceedalembert.paris\/index.php\/wp-json\/wp\/v2\/comments?post=3868"}],"version-history":[{"count":2,"href":"https:\/\/lyceedalembert.paris\/index.php\/wp-json\/wp\/v2\/posts\/3868\/revisions"}],"predecessor-version":[{"id":3872,"href":"https:\/\/lyceedalembert.paris\/index.php\/wp-json\/wp\/v2\/posts\/3868\/revisions\/3872"}],"wp:featuredmedia":[{"embeddable":true,"href":"https:\/\/lyceedalembert.paris\/index.php\/wp-json\/wp\/v2\/media\/3870"}],"wp:attachment":[{"href":"https:\/\/lyceedalembert.paris\/index.php\/wp-json\/wp\/v2\/media?parent=3868"}],"wp:term":[{"taxonomy":"category","embeddable":true,"href":"https:\/\/lyceedalembert.paris\/index.php\/wp-json\/wp\/v2\/categories?post=3868"},{"taxonomy":"post_tag","embeddable":true,"href":"https:\/\/lyceedalembert.paris\/index.php\/wp-json\/wp\/v2\/tags?post=3868"}],"curies":[{"name":"wp","href":"https:\/\/api.w.org\/{rel}","templated":true}]}}