{"id":4210,"date":"2018-11-26T17:45:16","date_gmt":"2018-11-26T16:45:16","guid":{"rendered":"http:\/\/lyceedalembert.paris\/?p=4210"},"modified":"2019-12-09T18:11:51","modified_gmt":"2019-12-09T17:11:51","slug":"la-valise-flash-collection-au-lycee-dalemebert","status":"publish","type":"post","link":"https:\/\/lyceedalembert.paris\/index.php\/2018\/11\/26\/la-valise-flash-collection-au-lycee-dalemebert\/","title":{"rendered":"La valise Flash Collection au Lyc\u00e9e d&rsquo;Alembert"},"content":{"rendered":"<h3><span style=\"color: #ff6600;\"><strong>Des \u0153uvres se sont faits la malle au Lyc\u00e9e d\u2019Alembert&nbsp;!<\/strong><\/span><\/h3>\n<p>Pour la deuxi\u00e8me ann\u00e9e cons\u00e9cutive, le Lyc\u00e9e a accueilli la valise FLASH COLLECTION du FRAC LE Plateau !<\/p>\n<p>La valise fonctionne sur le m\u00eame principe que La Bo\u00eete-en-valise de Marcel Duchamp. Elle contient 06 \u0153uvres originales pr\u00e9sent\u00e9es aux Lyc\u00e9ens une \u00e0 une par des m\u00e9diatrices.<\/p>\n<blockquote><p><strong>En septembre 2016, le frac \u00eele-de-france a lanc\u00e9 un projet in\u00e9dit, con\u00e7u pour les lyc\u00e9es franciliens, \u00e0 partir d\u2019un module itin\u00e9rant r\u00e9alis\u00e9 par l\u2019artiste Olivier Vadrot, contenant une s\u00e9lection d\u2019\u0153uvres de petit format.<\/strong><\/p><\/blockquote>\n<p><img loading=\"lazy\" decoding=\"async\" class=\"size-full wp-image-4212 aligncenter\" src=\"https:\/\/lyceedalembert.paris\/wp-content\/uploads\/2018\/11\/IMG_7724.jpg\" alt=\"\" width=\"640\" height=\"480\" srcset=\"https:\/\/lyceedalembert.paris\/wp-content\/uploads\/2018\/11\/IMG_7724.jpg 640w, https:\/\/lyceedalembert.paris\/wp-content\/uploads\/2018\/11\/IMG_7724-300x225.jpg 300w\" sizes=\"auto, (max-width: 640px) 100vw, 640px\" \/><\/p>\n<a class=\"synved-social-button synved-social-button-share synved-social-size-24 synved-social-resolution-single synved-social-provider-facebook nolightbox\" data-provider=\"facebook\" target=\"_blank\" rel=\"nofollow\" title=\"Share on Facebook\" href=\"http:\/\/www.facebook.com\/sharer.php?u=https%3A%2F%2Flyceedalembert.paris&#038;t=La%20valise%20Flash%20Collection%20au%20Lyc%C3%A9e%20d%E2%80%99Alembert&#038;s=100&#038;p&#091;url&#093;=https%3A%2F%2Flyceedalembert.paris&#038;p&#091;images&#093;&#091;0&#093;=https%3A%2F%2Flyceedalembert.paris%2Fwp-content%2Fuploads%2F2018%2F11%2FIMG_7722.jpg&#038;p&#091;title&#093;=La%20valise%20Flash%20Collection%20au%20Lyc%C3%A9e%20d%E2%80%99Alembert\" style=\"font-size: 0px;width:24px;height:24px;margin:0;margin-bottom:5px;margin-right:5px\"><img loading=\"lazy\" decoding=\"async\" alt=\"Facebook\" title=\"Share on Facebook\" class=\"synved-share-image synved-social-image synved-social-image-share\" width=\"24\" height=\"24\" style=\"display: inline;width:24px;height:24px;margin: 0;padding: 0;border: none;box-shadow: none\" src=\"https:\/\/lyceedalembert.paris\/wp-content\/plugins\/social-media-feather\/synved-social\/image\/social\/regular\/48x48\/facebook.png\" \/><\/a><a class=\"synved-social-button synved-social-button-share synved-social-size-24 synved-social-resolution-single synved-social-provider-twitter nolightbox\" data-provider=\"twitter\" target=\"_blank\" rel=\"nofollow\" title=\"Share on Twitter\" href=\"http:\/\/twitter.com\/share?url=https%3A%2F%2Flyceedalembert.paris&#038;text=Hey%20check%20this%20out\" style=\"font-size: 0px;width:24px;height:24px;margin:0;margin-bottom:5px\"><img loading=\"lazy\" decoding=\"async\" alt=\"twitter\" title=\"Share on Twitter\" class=\"synved-share-image synved-social-image synved-social-image-share\" width=\"24\" height=\"24\" style=\"display: inline;width:24px;height:24px;margin: 0;padding: 0;border: none;box-shadow: none\" src=\"https:\/\/lyceedalembert.paris\/wp-content\/plugins\/social-media-feather\/synved-social\/image\/social\/regular\/48x48\/twitter.png\" \/><\/a>","protected":false},"excerpt":{"rendered":"<p>Des \u0153uvres se sont faits la malle au Lyc\u00e9e d\u2019Alembert&nbsp;! Pour la deuxi\u00e8me ann\u00e9e cons\u00e9cutive, le Lyc\u00e9e a accueilli la valise FLASH COLLECTION du FRAC LE Plateau ! La valise fonctionne sur le m\u00eame principe que La Bo\u00eete-en-valise de Marcel Duchamp. Elle contient 06 \u0153uvres originales pr\u00e9sent\u00e9es aux Lyc\u00e9ens une \u00e0 une par des m\u00e9diatrices. En septembre 2016, le frac \u00eele-de-france a lanc\u00e9 un projet in\u00e9dit, con\u00e7u pour les lyc\u00e9es franciliens, \u00e0 partir d\u2019un module itin\u00e9rant r\u00e9alis\u00e9 par l\u2019artiste Olivier&hellip;<\/p>\n","protected":false},"author":1,"featured_media":4211,"comment_status":"closed","ping_status":"open","sticky":false,"template":"","format":"standard","meta":{"footnotes":""},"categories":[14,51,64],"tags":[63],"class_list":["post-4210","post","type-post","status-publish","format-standard","has-post-thumbnail","hentry","category-action","category-art","category-developpement-culturel","tag-activites-culturelles-theatre","post-has-thumbnail"],"_links":{"self":[{"href":"https:\/\/lyceedalembert.paris\/index.php\/wp-json\/wp\/v2\/posts\/4210","targetHints":{"allow":["GET"]}}],"collection":[{"href":"https:\/\/lyceedalembert.paris\/index.php\/wp-json\/wp\/v2\/posts"}],"about":[{"href":"https:\/\/lyceedalembert.paris\/index.php\/wp-json\/wp\/v2\/types\/post"}],"author":[{"embeddable":true,"href":"https:\/\/lyceedalembert.paris\/index.php\/wp-json\/wp\/v2\/users\/1"}],"replies":[{"embeddable":true,"href":"https:\/\/lyceedalembert.paris\/index.php\/wp-json\/wp\/v2\/comments?post=4210"}],"version-history":[{"count":3,"href":"https:\/\/lyceedalembert.paris\/index.php\/wp-json\/wp\/v2\/posts\/4210\/revisions"}],"predecessor-version":[{"id":5354,"href":"https:\/\/lyceedalembert.paris\/index.php\/wp-json\/wp\/v2\/posts\/4210\/revisions\/5354"}],"wp:featuredmedia":[{"embeddable":true,"href":"https:\/\/lyceedalembert.paris\/index.php\/wp-json\/wp\/v2\/media\/4211"}],"wp:attachment":[{"href":"https:\/\/lyceedalembert.paris\/index.php\/wp-json\/wp\/v2\/media?parent=4210"}],"wp:term":[{"taxonomy":"category","embeddable":true,"href":"https:\/\/lyceedalembert.paris\/index.php\/wp-json\/wp\/v2\/categories?post=4210"},{"taxonomy":"post_tag","embeddable":true,"href":"https:\/\/lyceedalembert.paris\/index.php\/wp-json\/wp\/v2\/tags?post=4210"}],"curies":[{"name":"wp","href":"https:\/\/api.w.org\/{rel}","templated":true}]}}