{"id":4441,"date":"2019-02-11T10:40:35","date_gmt":"2019-02-11T09:40:35","guid":{"rendered":"http:\/\/lyceedalembert.paris\/?p=4441"},"modified":"2019-12-06T16:15:13","modified_gmt":"2019-12-06T15:15:13","slug":"partenariat-lycee-dalembert-et-ecole-de-pekin","status":"publish","type":"post","link":"https:\/\/lyceedalembert.paris\/index.php\/2019\/02\/11\/partenariat-lycee-dalembert-et-ecole-de-pekin\/","title":{"rendered":"Partenariat lyc\u00e9e d&rsquo;Alembert et \u00e9cole de Pekin"},"content":{"rendered":"<p>Depuis 3 ans, un partenariat existe entre<strong> le lyc\u00e9e d\u2019Alembert <\/strong>(d\u00e9partements proth\u00e8se-orth\u00e8se et podo-orth\u00e8se) et <strong>l\u2019\u00e9cole de P\u00e9kin en chine. <\/strong><\/p>\n<p>Nous accueillons actuellement 5 \u00e9tudiants chinois et un professeur pour une p\u00e9riode de formation de 1 mois. 6 de nos \u00e9tudiants partiront \u00e9tudier au Beijing college of social administration en Chine au mois d\u2019avril.<\/p>\n<p>La d\u00e9l\u00e9gation chinoise alterne des des p\u00e9riodes de formation au sein de l&rsquo;atelier proth\u00e9se-orth\u00e8se du lyc\u00e9e et des visites d&rsquo;entreprises.<\/p>\n<div id=\"su_slider_69f43b7192be0\" class=\"su-slider su-slider-centered su-slider-pages-yes su-slider-responsive-yes su-lightbox-gallery\" style=\"width:100%\" data-autoplay=\"20000\" data-speed=\"1500\" data-mousewheel=\"true\"><div class=\"su-slider-slides\"><div class=\"su-slider-slide\"><a href=\"https:\/\/lyceedalembert.paris\/wp-content\/uploads\/2019\/02\/Image-3-Chine-2019-e1552237169293.jpg\"  title=\"Visite de Paris\"><img decoding=\"async\" src=\"https:\/\/lyceedalembert.paris\/wp-content\/uploads\/2019\/02\/Image-3-Chine-2019-e1552237169293.jpg\" alt=\"Visite de Paris\" \/><span class=\"su-slider-slide-title\">Visite de Paris<\/span><\/a><\/div><div class=\"su-slider-slide\"><a href=\"https:\/\/lyceedalembert.paris\/wp-content\/uploads\/2019\/02\/thumbnail_IMG_9185-e1551102854343.jpg\"  title=\"Collaboration avec les \u00e9tudiants de 3 \u00e8me ann\u00e9e\"><img decoding=\"async\" src=\"https:\/\/lyceedalembert.paris\/wp-content\/uploads\/2019\/02\/thumbnail_IMG_9185-e1551102854343.jpg\" alt=\"Collaboration avec les \u00e9tudiants de 3 \u00e8me ann\u00e9e\" \/><span class=\"su-slider-slide-title\">Collaboration avec les \u00e9tudiants de 3 \u00e8me ann\u00e9e<\/span><\/a><\/div><div class=\"su-slider-slide\"><a href=\"https:\/\/lyceedalembert.paris\/wp-content\/uploads\/2019\/02\/thumbnail_IMG_9170-e1551102817207.jpg\"  title=\"Visite d&rsquo;Handy Bionic \u00e0 Paris\"><img decoding=\"async\" src=\"https:\/\/lyceedalembert.paris\/wp-content\/uploads\/2019\/02\/thumbnail_IMG_9170-e1551102817207.jpg\" alt=\"Visite d&rsquo;Handy Bionic \u00e0 Paris\" \/><span class=\"su-slider-slide-title\">Visite d&rsquo;Handy Bionic \u00e0 Paris<\/span><\/a><\/div><div class=\"su-slider-slide\"><a href=\"https:\/\/lyceedalembert.paris\/wp-content\/uploads\/2019\/02\/thumbnail_IMG_9143-e1551102781385.jpg\"  title=\"Coop\u00e9ration avec les \u00e9tudiants\"><img decoding=\"async\" src=\"https:\/\/lyceedalembert.paris\/wp-content\/uploads\/2019\/02\/thumbnail_IMG_9143-e1551102781385.jpg\" alt=\"Coop\u00e9ration avec les \u00e9tudiants\" \/><span class=\"su-slider-slide-title\">Coop\u00e9ration avec les \u00e9tudiants<\/span><\/a><\/div><div class=\"su-slider-slide\"><a href=\"https:\/\/lyceedalembert.paris\/wp-content\/uploads\/2019\/02\/IMG_20190222_141253-e1551102756124.jpg\"  title=\"Souvenirs\"><img decoding=\"async\" src=\"https:\/\/lyceedalembert.paris\/wp-content\/uploads\/2019\/02\/IMG_20190222_141253-e1551102756124.jpg\" alt=\"Souvenirs\" \/><span class=\"su-slider-slide-title\">Souvenirs<\/span><\/a><\/div><div class=\"su-slider-slide\"><a href=\"https:\/\/lyceedalembert.paris\/wp-content\/uploads\/2019\/02\/IMG_20190219_171045-e1551102706173.jpg\"  title=\"Souvenir de fin de session\"><img decoding=\"async\" src=\"https:\/\/lyceedalembert.paris\/wp-content\/uploads\/2019\/02\/IMG_20190219_171045-e1551102706173.jpg\" alt=\"Souvenir de fin de session\" \/><span class=\"su-slider-slide-title\">Souvenir de fin de session<\/span><\/a><\/div><div class=\"su-slider-slide\"><a href=\"https:\/\/lyceedalembert.paris\/wp-content\/uploads\/2019\/02\/IMG_20190212_140528-e1551103156424.jpg\"  title=\"D\u00e9monstration dans l&rsquo;atelier de proth\u00e9se-orth\u00e8se\"><img decoding=\"async\" src=\"https:\/\/lyceedalembert.paris\/wp-content\/uploads\/2019\/02\/IMG_20190212_140528-e1551103156424.jpg\" alt=\"D\u00e9monstration dans l&rsquo;atelier de proth\u00e9se-orth\u00e8se\" \/><span class=\"su-slider-slide-title\">D\u00e9monstration dans l&rsquo;atelier de proth\u00e9se-orth\u00e8se<\/span><\/a><\/div><div class=\"su-slider-slide\"><a href=\"https:\/\/lyceedalembert.paris\/wp-content\/uploads\/2019\/02\/Image-2-Chine-2019-e1551103179113.jpg\"  title=\"Accueil de la d\u00e9l\u00e9gation chinoise 2019\"><img decoding=\"async\" src=\"https:\/\/lyceedalembert.paris\/wp-content\/uploads\/2019\/02\/Image-2-Chine-2019-e1551103179113.jpg\" alt=\"Accueil de la d\u00e9l\u00e9gation chinoise 2019\" \/><span class=\"su-slider-slide-title\">Accueil de la d\u00e9l\u00e9gation chinoise 2019<\/span><\/a><\/div><\/div><div class=\"su-slider-nav\"><div class=\"su-slider-direction\"><span class=\"su-slider-prev\"><\/span><span class=\"su-slider-next\"><\/span><\/div><div class=\"su-slider-pagination\"><\/div><\/div><\/div>[\/su_slider]\n<a class=\"synved-social-button synved-social-button-share synved-social-size-24 synved-social-resolution-single synved-social-provider-facebook nolightbox\" data-provider=\"facebook\" target=\"_blank\" rel=\"nofollow\" title=\"Share on Facebook\" href=\"http:\/\/www.facebook.com\/sharer.php?u=https%3A%2F%2Flyceedalembert.paris&#038;t=Partenariat%20lyc%C3%A9e%20d%E2%80%99Alembert%20et%20%C3%A9cole%20de%20Pekin&#038;s=100&#038;p&#091;url&#093;=https%3A%2F%2Flyceedalembert.paris&#038;p&#091;images&#093;&#091;0&#093;=https%3A%2F%2Flyceedalembert.paris%2Fwp-content%2Fuploads%2F2019%2F02%2FImage-2-Chine-2019-e1551103179113.jpg&#038;p&#091;title&#093;=Partenariat%20lyc%C3%A9e%20d%E2%80%99Alembert%20et%20%C3%A9cole%20de%20Pekin\" style=\"font-size: 0px;width:24px;height:24px;margin:0;margin-bottom:5px;margin-right:5px\"><img loading=\"lazy\" decoding=\"async\" alt=\"Facebook\" title=\"Share on Facebook\" class=\"synved-share-image synved-social-image synved-social-image-share\" width=\"24\" height=\"24\" style=\"display: inline;width:24px;height:24px;margin: 0;padding: 0;border: none;box-shadow: none\" src=\"https:\/\/lyceedalembert.paris\/wp-content\/plugins\/social-media-feather\/synved-social\/image\/social\/regular\/48x48\/facebook.png\" \/><\/a><a class=\"synved-social-button synved-social-button-share synved-social-size-24 synved-social-resolution-single synved-social-provider-twitter nolightbox\" data-provider=\"twitter\" target=\"_blank\" rel=\"nofollow\" title=\"Share on Twitter\" href=\"http:\/\/twitter.com\/share?url=https%3A%2F%2Flyceedalembert.paris&#038;text=Hey%20check%20this%20out\" style=\"font-size: 0px;width:24px;height:24px;margin:0;margin-bottom:5px\"><img loading=\"lazy\" decoding=\"async\" alt=\"twitter\" title=\"Share on Twitter\" class=\"synved-share-image synved-social-image synved-social-image-share\" width=\"24\" height=\"24\" style=\"display: inline;width:24px;height:24px;margin: 0;padding: 0;border: none;box-shadow: none\" src=\"https:\/\/lyceedalembert.paris\/wp-content\/plugins\/social-media-feather\/synved-social\/image\/social\/regular\/48x48\/twitter.png\" \/><\/a>","protected":false},"excerpt":{"rendered":"<p>Depuis 3 ans, un partenariat existe entre le lyc\u00e9e d\u2019Alembert (d\u00e9partements proth\u00e8se-orth\u00e8se et podo-orth\u00e8se) et l\u2019\u00e9cole de P\u00e9kin en chine. Nous accueillons actuellement 5 \u00e9tudiants chinois et un professeur pour une p\u00e9riode de formation de 1 mois. 6 de nos \u00e9tudiants partiront \u00e9tudier au Beijing college of social administration en Chine au mois d\u2019avril. La d\u00e9l\u00e9gation chinoise alterne des des p\u00e9riodes de formation au sein de l&rsquo;atelier proth\u00e9se-orth\u00e8se du lyc\u00e9e et des visites d&rsquo;entreprises. [\/su_slider]<\/p>\n","protected":false},"author":1,"featured_media":4442,"comment_status":"closed","ping_status":"open","sticky":false,"template":"","format":"standard","meta":{"footnotes":""},"categories":[74],"tags":[106],"class_list":["post-4441","post","type-post","status-publish","format-standard","has-post-thumbnail","hentry","category-prothese-orthese","tag-voyage-echange","post-has-thumbnail"],"_links":{"self":[{"href":"https:\/\/lyceedalembert.paris\/index.php\/wp-json\/wp\/v2\/posts\/4441","targetHints":{"allow":["GET"]}}],"collection":[{"href":"https:\/\/lyceedalembert.paris\/index.php\/wp-json\/wp\/v2\/posts"}],"about":[{"href":"https:\/\/lyceedalembert.paris\/index.php\/wp-json\/wp\/v2\/types\/post"}],"author":[{"embeddable":true,"href":"https:\/\/lyceedalembert.paris\/index.php\/wp-json\/wp\/v2\/users\/1"}],"replies":[{"embeddable":true,"href":"https:\/\/lyceedalembert.paris\/index.php\/wp-json\/wp\/v2\/comments?post=4441"}],"version-history":[{"count":5,"href":"https:\/\/lyceedalembert.paris\/index.php\/wp-json\/wp\/v2\/posts\/4441\/revisions"}],"predecessor-version":[{"id":4505,"href":"https:\/\/lyceedalembert.paris\/index.php\/wp-json\/wp\/v2\/posts\/4441\/revisions\/4505"}],"wp:featuredmedia":[{"embeddable":true,"href":"https:\/\/lyceedalembert.paris\/index.php\/wp-json\/wp\/v2\/media\/4442"}],"wp:attachment":[{"href":"https:\/\/lyceedalembert.paris\/index.php\/wp-json\/wp\/v2\/media?parent=4441"}],"wp:term":[{"taxonomy":"category","embeddable":true,"href":"https:\/\/lyceedalembert.paris\/index.php\/wp-json\/wp\/v2\/categories?post=4441"},{"taxonomy":"post_tag","embeddable":true,"href":"https:\/\/lyceedalembert.paris\/index.php\/wp-json\/wp\/v2\/tags?post=4441"}],"curies":[{"name":"wp","href":"https:\/\/api.w.org\/{rel}","templated":true}]}}