{"id":4996,"date":"2019-09-30T20:50:16","date_gmt":"2019-09-30T19:50:16","guid":{"rendered":"http:\/\/lyceedalembert.paris\/?p=4996"},"modified":"2019-12-05T23:26:08","modified_gmt":"2019-12-05T22:26:08","slug":"projet-des-2nde-spvl-sur-lexposition-toutankhamon-le-tresor-du-pharaon","status":"publish","type":"post","link":"https:\/\/lyceedalembert.paris\/index.php\/2019\/09\/30\/projet-des-2nde-spvl-sur-lexposition-toutankhamon-le-tresor-du-pharaon\/","title":{"rendered":"Projet des classes de seconde SPVL sur l&rsquo;exposition \u00ab\u00a0Tout\u00e2nkhamon, le tr\u00e9sor du pharaon\u00a0\u00bb"},"content":{"rendered":"<div id=\"su_slider_69f2df026462a\" class=\"su-slider su-slider-centered su-slider-pages-yes su-slider-responsive-yes su-lightbox-gallery\" style=\"width:100%\" data-autoplay=\"20000\" data-speed=\"1500\" data-mousewheel=\"true\"><div class=\"su-slider-slides\"><div class=\"su-slider-slide\"><a href=\"https:\/\/lyceedalembert.paris\/wp-content\/uploads\/2019\/09\/Projet-SPVL_Toutonkhamon-2.jpg\"  title=\"Projet SPVL_Toutonkhamon 2\"><img decoding=\"async\" src=\"https:\/\/lyceedalembert.paris\/wp-content\/uploads\/2019\/09\/Projet-SPVL_Toutonkhamon-2-600x580.jpg\" alt=\"Projet SPVL_Toutonkhamon 2\" \/><span class=\"su-slider-slide-title\">Projet SPVL_Toutonkhamon 2<\/span><\/a><\/div><div class=\"su-slider-slide\"><a href=\"https:\/\/lyceedalembert.paris\/wp-content\/uploads\/2019\/09\/Projet-SPVL_Toutonkhamon.jpg\"  title=\"Projet SPVL_Toutonkhamon\"><img decoding=\"async\" src=\"https:\/\/lyceedalembert.paris\/wp-content\/uploads\/2019\/09\/Projet-SPVL_Toutonkhamon-600x580.jpg\" alt=\"Projet SPVL_Toutonkhamon\" \/><span class=\"su-slider-slide-title\">Projet SPVL_Toutonkhamon<\/span><\/a><\/div><\/div><div class=\"su-slider-nav\"><div class=\"su-slider-direction\"><span class=\"su-slider-prev\"><\/span><span class=\"su-slider-next\"><\/span><\/div><div class=\"su-slider-pagination\"><\/div><\/div><\/div>[\/su_slider]\n<p>Le projet a \u00e9t\u00e9 organis\u00e9 avec l\u2019association Atellannes au mois de juin 2019 et soutenu par la Direction R\u00e9gionale de la Jeunesse, des Sports et de la Coh\u00e9sion Sociale (<em><strong>DRJSCS<\/strong><\/em>) et la Direction R\u00e9gionale des Affaires Culturelles (<em><strong>DRAC<\/strong><\/em>) d\u2019Ile de France.<\/p>\n<p>Le 9 septembre 2019, les \u00e9l\u00e8ves de 2<sup>nde<\/sup> SPVL de notre lyc\u00e9e, accompagn\u00e9s par l\u2019\u00e9quipe p\u00e9dagogique de la classe ont \u00e9t\u00e9 re\u00e7us par un guide de la Villette, pr\u00e9sentant au groupe l&rsquo;histoire de la Grande Halle et du site de la Villette, suivi par une introduction \u00e0 l&rsquo;exposition \u00e0 l&rsquo;initiative d&rsquo;un guide \u00e9gyptologue.<\/p>\n<p>Apr\u00e8s la visite de l\u2019exposition, un atelier de cr\u00e9ation sonore a \u00e9t\u00e9 mis en place afin de r\u00e9aliser une restitution pour les journ\u00e9es du patrimoine 2019.<\/p>\n<p>Les objectifs de ce projet visaient la d\u00e9couverte culturelle de l\u2019Egypte, surtout sur la p\u00e9riode de Tout\u00e2nkhamon, l\u2019initiation des \u00e9l\u00e8ves dans les m\u00e9tiers du son et la coh\u00e9sion du groupe classe des 2<sup>nde<\/sup> SPVL.<\/p>\n<p>&nbsp;<\/p>\n<p><strong><em><u>T\u00e9moignages des \u00e9l\u00e8ves&nbsp;:<\/u><\/em><\/strong><\/p>\n<p><em>-\u00ab&nbsp;j\u2019ai trouv\u00e9 cette exposition tr\u00e8s int\u00e9ressante car j\u2019ai eu des informations sur les pharaons que je ne connaissais pas et j\u2019ai trouv\u00e9 les graphiques tr\u00e8s belles.&nbsp;\u00bb<\/em><\/p>\n<p><em>&#8211; \u00ab&nbsp;avec les \u00e9l\u00e8ves de la classe on a appris \u00e0 se connaitre, savoir d\u2019o\u00f9 on vient&nbsp;\u00bb<\/em><\/p>\n<p><em>&#8211; \u00ab&nbsp;l\u2019int\u00e9r\u00eat d\u2019une sortie culturelle est de se cultiver, de d\u00e9couvrir des choses et d\u2019apprendre&nbsp;\u00bb<\/em><\/p>\n<a class=\"synved-social-button synved-social-button-share synved-social-size-24 synved-social-resolution-single synved-social-provider-facebook nolightbox\" data-provider=\"facebook\" target=\"_blank\" rel=\"nofollow\" title=\"Share on Facebook\" href=\"http:\/\/www.facebook.com\/sharer.php?u=https%3A%2F%2Flyceedalembert.paris&#038;t=Projet%20des%20classes%20de%20seconde%20SPVL%20sur%20l%E2%80%99exposition%20%C2%AB%C2%A0Tout%C3%A2nkhamon%2C%20le%20tr%C3%A9sor%20du%20pharaon%C2%A0%C2%BB&#038;s=100&#038;p&#091;url&#093;=https%3A%2F%2Flyceedalembert.paris&#038;p&#091;images&#093;&#091;0&#093;=https%3A%2F%2Flyceedalembert.paris%2Fwp-content%2Fuploads%2F2019%2F09%2FProjet-SPVL_Toutonkhamon-2.jpg&#038;p&#091;title&#093;=Projet%20des%20classes%20de%20seconde%20SPVL%20sur%20l%E2%80%99exposition%20%C2%AB%C2%A0Tout%C3%A2nkhamon%2C%20le%20tr%C3%A9sor%20du%20pharaon%C2%A0%C2%BB\" style=\"font-size: 0px;width:24px;height:24px;margin:0;margin-bottom:5px;margin-right:5px\"><img loading=\"lazy\" decoding=\"async\" alt=\"Facebook\" title=\"Share on Facebook\" class=\"synved-share-image synved-social-image synved-social-image-share\" width=\"24\" height=\"24\" style=\"display: inline;width:24px;height:24px;margin: 0;padding: 0;border: none;box-shadow: none\" src=\"https:\/\/lyceedalembert.paris\/wp-content\/plugins\/social-media-feather\/synved-social\/image\/social\/regular\/48x48\/facebook.png\" \/><\/a><a class=\"synved-social-button synved-social-button-share synved-social-size-24 synved-social-resolution-single synved-social-provider-twitter nolightbox\" data-provider=\"twitter\" target=\"_blank\" rel=\"nofollow\" title=\"Share on Twitter\" href=\"http:\/\/twitter.com\/share?url=https%3A%2F%2Flyceedalembert.paris&#038;text=Hey%20check%20this%20out\" style=\"font-size: 0px;width:24px;height:24px;margin:0;margin-bottom:5px\"><img loading=\"lazy\" decoding=\"async\" alt=\"twitter\" title=\"Share on Twitter\" class=\"synved-share-image synved-social-image synved-social-image-share\" width=\"24\" height=\"24\" style=\"display: inline;width:24px;height:24px;margin: 0;padding: 0;border: none;box-shadow: none\" src=\"https:\/\/lyceedalembert.paris\/wp-content\/plugins\/social-media-feather\/synved-social\/image\/social\/regular\/48x48\/twitter.png\" \/><\/a>","protected":false},"excerpt":{"rendered":"<p>[\/su_slider] Le projet a \u00e9t\u00e9 organis\u00e9 avec l\u2019association Atellannes au mois de juin 2019 et soutenu par la Direction R\u00e9gionale de la Jeunesse, des Sports et de la Coh\u00e9sion Sociale (DRJSCS) et la Direction R\u00e9gionale des Affaires Culturelles (DRAC) d\u2019Ile de France. Le 9 septembre 2019, les \u00e9l\u00e8ves de 2nde SPVL de notre lyc\u00e9e, accompagn\u00e9s par l\u2019\u00e9quipe p\u00e9dagogique de la classe ont \u00e9t\u00e9 re\u00e7us par un guide de la Villette, pr\u00e9sentant au groupe l&rsquo;histoire de la Grande Halle et du&hellip;<\/p>\n","protected":false},"author":1,"featured_media":4997,"comment_status":"closed","ping_status":"open","sticky":false,"template":"","format":"standard","meta":{"footnotes":""},"categories":[22,53],"tags":[],"class_list":["post-4996","post","type-post","status-publish","format-standard","has-post-thumbnail","hentry","category-actualites","category-spvl","post-has-thumbnail"],"_links":{"self":[{"href":"https:\/\/lyceedalembert.paris\/index.php\/wp-json\/wp\/v2\/posts\/4996","targetHints":{"allow":["GET"]}}],"collection":[{"href":"https:\/\/lyceedalembert.paris\/index.php\/wp-json\/wp\/v2\/posts"}],"about":[{"href":"https:\/\/lyceedalembert.paris\/index.php\/wp-json\/wp\/v2\/types\/post"}],"author":[{"embeddable":true,"href":"https:\/\/lyceedalembert.paris\/index.php\/wp-json\/wp\/v2\/users\/1"}],"replies":[{"embeddable":true,"href":"https:\/\/lyceedalembert.paris\/index.php\/wp-json\/wp\/v2\/comments?post=4996"}],"version-history":[{"count":4,"href":"https:\/\/lyceedalembert.paris\/index.php\/wp-json\/wp\/v2\/posts\/4996\/revisions"}],"predecessor-version":[{"id":5206,"href":"https:\/\/lyceedalembert.paris\/index.php\/wp-json\/wp\/v2\/posts\/4996\/revisions\/5206"}],"wp:featuredmedia":[{"embeddable":true,"href":"https:\/\/lyceedalembert.paris\/index.php\/wp-json\/wp\/v2\/media\/4997"}],"wp:attachment":[{"href":"https:\/\/lyceedalembert.paris\/index.php\/wp-json\/wp\/v2\/media?parent=4996"}],"wp:term":[{"taxonomy":"category","embeddable":true,"href":"https:\/\/lyceedalembert.paris\/index.php\/wp-json\/wp\/v2\/categories?post=4996"},{"taxonomy":"post_tag","embeddable":true,"href":"https:\/\/lyceedalembert.paris\/index.php\/wp-json\/wp\/v2\/tags?post=4996"}],"curies":[{"name":"wp","href":"https:\/\/api.w.org\/{rel}","templated":true}]}}