{"id":5706,"date":"2020-09-30T16:51:29","date_gmt":"2020-09-30T15:51:29","guid":{"rendered":"http:\/\/lyceedalembert.paris\/?p=5706"},"modified":"2021-03-17T09:22:15","modified_gmt":"2021-03-17T08:22:15","slug":"election-des-parents-au-conseil-dadministration","status":"publish","type":"post","link":"https:\/\/lyceedalembert.paris\/index.php\/2020\/09\/30\/election-des-parents-au-conseil-dadministration\/","title":{"rendered":"Election des parents au Conseil d&rsquo;Administration"},"content":{"rendered":"\n<p class=\"has-drop-cap\">Le vote aura lieu au lyc\u00e9e le<strong> vendredi 9 octobre <em>de 9h \u00e0 12h<\/em><\/strong> ou par <a href=\"https:\/\/ent.iledefrance.fr\/auth\/login?callback=%2Fcas%2Flogin%3Fservice%3Dhttps%253A%252F%252F0750650Z.index-education.net%252Fpronote%252F\" target=\"_blank\" rel=\"noreferrer noopener\" aria-label=\"Pronote (s\u2019ouvre dans un nouvel onglet)\">Pronote<\/a> du <strong>vendredi 2 au vendredi 9 octobre <em>\u00e0 16h<\/em><\/strong>.<\/p>\n\n\n\n<p>Les parents doivent se munir des codes remis par le lyc\u00e9e avec les certificats de scolarit\u00e9.<\/p>\n\n\n\n<p class=\"has-medium-font-size\">Profession de foi de la FCPE:<\/p>\n\n\n<a href=\"https:\/\/lyceedalembert.paris\/wp-content\/uploads\/2020\/09\/Profession-de-foi-2020-2021.pdf\" class=\"pdfemb-viewer\" style=\"\" data-width=\"max\" data-height=\"max\" data-toolbar=\"bottom\" data-toolbar-fixed=\"off\">Profession-de-foi-2020-2021<\/a>\n<p class=\"wp-block-pdfemb-pdf-embedder-viewer\"><\/p>\n<a class=\"synved-social-button synved-social-button-share synved-social-size-24 synved-social-resolution-single synved-social-provider-facebook nolightbox\" data-provider=\"facebook\" target=\"_blank\" rel=\"nofollow\" title=\"Share on Facebook\" href=\"http:\/\/www.facebook.com\/sharer.php?u=https%3A%2F%2Flyceedalembert.paris&#038;t=Election%20des%20parents%20au%20Conseil%20d%E2%80%99Administration&#038;s=100&#038;p&#091;url&#093;=https%3A%2F%2Flyceedalembert.paris&#038;p&#091;images&#093;&#091;0&#093;=https%3A%2F%2Flyceedalembert.paris%2Fwp-content%2Fuploads%2F2020%2F09%2F2018_democratiescolaire_EduGouv_740_1006389.jpg&#038;p&#091;title&#093;=Election%20des%20parents%20au%20Conseil%20d%E2%80%99Administration\" style=\"font-size: 0px;width:24px;height:24px;margin:0;margin-bottom:5px;margin-right:5px\"><img loading=\"lazy\" decoding=\"async\" alt=\"Facebook\" title=\"Share on Facebook\" class=\"synved-share-image synved-social-image synved-social-image-share\" width=\"24\" height=\"24\" style=\"display: inline;width:24px;height:24px;margin: 0;padding: 0;border: none;box-shadow: none\" src=\"https:\/\/lyceedalembert.paris\/wp-content\/plugins\/social-media-feather\/synved-social\/image\/social\/regular\/48x48\/facebook.png\" \/><\/a><a class=\"synved-social-button synved-social-button-share synved-social-size-24 synved-social-resolution-single synved-social-provider-twitter nolightbox\" data-provider=\"twitter\" target=\"_blank\" rel=\"nofollow\" title=\"Share on Twitter\" href=\"http:\/\/twitter.com\/share?url=https%3A%2F%2Flyceedalembert.paris&#038;text=Hey%20check%20this%20out\" style=\"font-size: 0px;width:24px;height:24px;margin:0;margin-bottom:5px\"><img loading=\"lazy\" decoding=\"async\" alt=\"twitter\" title=\"Share on Twitter\" class=\"synved-share-image synved-social-image synved-social-image-share\" width=\"24\" height=\"24\" style=\"display: inline;width:24px;height:24px;margin: 0;padding: 0;border: none;box-shadow: none\" src=\"https:\/\/lyceedalembert.paris\/wp-content\/plugins\/social-media-feather\/synved-social\/image\/social\/regular\/48x48\/twitter.png\" \/><\/a>","protected":false},"excerpt":{"rendered":"<p>Le vote aura lieu au lyc\u00e9e le vendredi 9 octobre de 9h \u00e0 12h ou par Pronote du vendredi 2 au vendredi 9 octobre \u00e0 16h. Les parents doivent se munir des codes remis par le lyc\u00e9e avec les certificats de scolarit\u00e9. Profession de foi de la FCPE:<\/p>\n","protected":false},"author":1,"featured_media":5710,"comment_status":"closed","ping_status":"open","sticky":false,"template":"","format":"standard","meta":{"footnotes":""},"categories":[13],"tags":[100],"class_list":["post-5706","post","type-post","status-publish","format-standard","has-post-thumbnail","hentry","category-evenements","tag-vivre-ensemble","post-has-thumbnail"],"_links":{"self":[{"href":"https:\/\/lyceedalembert.paris\/index.php\/wp-json\/wp\/v2\/posts\/5706","targetHints":{"allow":["GET"]}}],"collection":[{"href":"https:\/\/lyceedalembert.paris\/index.php\/wp-json\/wp\/v2\/posts"}],"about":[{"href":"https:\/\/lyceedalembert.paris\/index.php\/wp-json\/wp\/v2\/types\/post"}],"author":[{"embeddable":true,"href":"https:\/\/lyceedalembert.paris\/index.php\/wp-json\/wp\/v2\/users\/1"}],"replies":[{"embeddable":true,"href":"https:\/\/lyceedalembert.paris\/index.php\/wp-json\/wp\/v2\/comments?post=5706"}],"version-history":[{"count":6,"href":"https:\/\/lyceedalembert.paris\/index.php\/wp-json\/wp\/v2\/posts\/5706\/revisions"}],"predecessor-version":[{"id":5715,"href":"https:\/\/lyceedalembert.paris\/index.php\/wp-json\/wp\/v2\/posts\/5706\/revisions\/5715"}],"wp:featuredmedia":[{"embeddable":true,"href":"https:\/\/lyceedalembert.paris\/index.php\/wp-json\/wp\/v2\/media\/5710"}],"wp:attachment":[{"href":"https:\/\/lyceedalembert.paris\/index.php\/wp-json\/wp\/v2\/media?parent=5706"}],"wp:term":[{"taxonomy":"category","embeddable":true,"href":"https:\/\/lyceedalembert.paris\/index.php\/wp-json\/wp\/v2\/categories?post=5706"},{"taxonomy":"post_tag","embeddable":true,"href":"https:\/\/lyceedalembert.paris\/index.php\/wp-json\/wp\/v2\/tags?post=5706"}],"curies":[{"name":"wp","href":"https:\/\/api.w.org\/{rel}","templated":true}]}}