{"id":7337,"date":"2022-09-14T08:14:52","date_gmt":"2022-09-14T07:14:52","guid":{"rendered":"http:\/\/lyceedalembert.paris\/?p=7337"},"modified":"2022-09-14T08:56:56","modified_gmt":"2022-09-14T07:56:56","slug":"les-journees-dintegration-a-la-villette","status":"publish","type":"post","link":"https:\/\/lyceedalembert.paris\/index.php\/2022\/09\/14\/les-journees-dintegration-a-la-villette\/","title":{"rendered":"Les journ\u00e9es d&rsquo;int\u00e9gration \u00e0 La Villette"},"content":{"rendered":"\n<p>Le lyc\u00e9e d&rsquo;Alembert organise un accueil des nouveaux entrants dans les formations du lyc\u00e9e \u00e0 <strong>La Villette<\/strong>.<\/p>\n\n\n\n<p>Les \u00e9l\u00e9ves ont pu faire un <em>parcours d&rsquo;orientation<\/em> et de <em>d\u00e9couverte <\/em> avec la d\u00e9couverte des jardins et ont particip\u00e9 \u00e0 diff\u00e9rentes activit\u00e9s organis\u00e9es sur le<em> Parc de la Villette<\/em>.<\/p>\n\n\n\n<figure class=\"wp-block-gallery has-nested-images columns-default is-cropped wp-block-gallery-1 is-layout-flex wp-block-gallery-is-layout-flex\">\n<figure class=\"wp-block-image size-large\"><img loading=\"lazy\" decoding=\"async\" width=\"768\" height=\"1024\" data-id=\"7339\" src=\"https:\/\/lyceedalembert.paris\/wp-content\/uploads\/2022\/09\/Rentree-2022-La-Villette-2-768x1024.jpg\" alt=\"\" class=\"wp-image-7339\" srcset=\"https:\/\/lyceedalembert.paris\/wp-content\/uploads\/2022\/09\/Rentree-2022-La-Villette-2-768x1024.jpg 768w, https:\/\/lyceedalembert.paris\/wp-content\/uploads\/2022\/09\/Rentree-2022-La-Villette-2-225x300.jpg 225w, https:\/\/lyceedalembert.paris\/wp-content\/uploads\/2022\/09\/Rentree-2022-La-Villette-2-1152x1536.jpg 1152w, https:\/\/lyceedalembert.paris\/wp-content\/uploads\/2022\/09\/Rentree-2022-La-Villette-2-1536x2048.jpg 1536w, https:\/\/lyceedalembert.paris\/wp-content\/uploads\/2022\/09\/Rentree-2022-La-Villette-2-scaled.jpg 1920w\" sizes=\"auto, (max-width: 768px) 100vw, 768px\" \/><\/figure>\n\n\n\n<figure class=\"wp-block-image size-large\"><img loading=\"lazy\" decoding=\"async\" width=\"768\" height=\"1024\" data-id=\"7340\" src=\"https:\/\/lyceedalembert.paris\/wp-content\/uploads\/2022\/09\/Rentree-2022-La-Villette-3-768x1024.jpg\" alt=\"\" class=\"wp-image-7340\" srcset=\"https:\/\/lyceedalembert.paris\/wp-content\/uploads\/2022\/09\/Rentree-2022-La-Villette-3-768x1024.jpg 768w, https:\/\/lyceedalembert.paris\/wp-content\/uploads\/2022\/09\/Rentree-2022-La-Villette-3-225x300.jpg 225w, https:\/\/lyceedalembert.paris\/wp-content\/uploads\/2022\/09\/Rentree-2022-La-Villette-3-1152x1536.jpg 1152w, https:\/\/lyceedalembert.paris\/wp-content\/uploads\/2022\/09\/Rentree-2022-La-Villette-3-1536x2048.jpg 1536w, https:\/\/lyceedalembert.paris\/wp-content\/uploads\/2022\/09\/Rentree-2022-La-Villette-3-scaled.jpg 1920w\" sizes=\"auto, (max-width: 768px) 100vw, 768px\" \/><\/figure>\n\n\n\n<figure class=\"wp-block-image size-large\"><img loading=\"lazy\" decoding=\"async\" width=\"768\" height=\"1024\" data-id=\"7341\" src=\"https:\/\/lyceedalembert.paris\/wp-content\/uploads\/2022\/09\/Rentree-2022-La-Villette-4-768x1024.jpg\" alt=\"\" class=\"wp-image-7341\" srcset=\"https:\/\/lyceedalembert.paris\/wp-content\/uploads\/2022\/09\/Rentree-2022-La-Villette-4-768x1024.jpg 768w, https:\/\/lyceedalembert.paris\/wp-content\/uploads\/2022\/09\/Rentree-2022-La-Villette-4-225x300.jpg 225w, https:\/\/lyceedalembert.paris\/wp-content\/uploads\/2022\/09\/Rentree-2022-La-Villette-4-1152x1536.jpg 1152w, https:\/\/lyceedalembert.paris\/wp-content\/uploads\/2022\/09\/Rentree-2022-La-Villette-4-1536x2048.jpg 1536w, https:\/\/lyceedalembert.paris\/wp-content\/uploads\/2022\/09\/Rentree-2022-La-Villette-4-scaled.jpg 1920w\" sizes=\"auto, (max-width: 768px) 100vw, 768px\" \/><\/figure>\n\n\n\n<figure class=\"wp-block-image size-large\"><img loading=\"lazy\" decoding=\"async\" width=\"1024\" height=\"576\" data-id=\"7338\" src=\"https:\/\/lyceedalembert.paris\/wp-content\/uploads\/2022\/09\/Rentree-2022-La-Villette-1024x576.jpg\" alt=\"\" class=\"wp-image-7338\" srcset=\"https:\/\/lyceedalembert.paris\/wp-content\/uploads\/2022\/09\/Rentree-2022-La-Villette-1024x576.jpg 1024w, https:\/\/lyceedalembert.paris\/wp-content\/uploads\/2022\/09\/Rentree-2022-La-Villette-300x169.jpg 300w, https:\/\/lyceedalembert.paris\/wp-content\/uploads\/2022\/09\/Rentree-2022-La-Villette-768x432.jpg 768w, https:\/\/lyceedalembert.paris\/wp-content\/uploads\/2022\/09\/Rentree-2022-La-Villette-1536x864.jpg 1536w, https:\/\/lyceedalembert.paris\/wp-content\/uploads\/2022\/09\/Rentree-2022-La-Villette-2048x1152.jpg 2048w, https:\/\/lyceedalembert.paris\/wp-content\/uploads\/2022\/09\/Rentree-2022-La-Villette-180x100.jpg 180w\" sizes=\"auto, (max-width: 1024px) 100vw, 1024px\" \/><figcaption>S\u00e9ance d&rsquo;initiation au Hip Hop des \u00e9tudiants de 1\u00e8re ann\u00e9e de BTS orthoporth\u00e9siste<\/figcaption><\/figure>\n<\/figure>\n<a class=\"synved-social-button synved-social-button-share synved-social-size-24 synved-social-resolution-single synved-social-provider-facebook nolightbox\" data-provider=\"facebook\" target=\"_blank\" rel=\"nofollow\" title=\"Share on Facebook\" href=\"http:\/\/www.facebook.com\/sharer.php?u=https%3A%2F%2Flyceedalembert.paris&#038;t=Les%20journ%C3%A9es%20d%E2%80%99int%C3%A9gration%20%C3%A0%20La%20Villette&#038;s=100&#038;p&#091;url&#093;=https%3A%2F%2Flyceedalembert.paris&#038;p&#091;images&#093;&#091;0&#093;=https%3A%2F%2Flyceedalembert.paris%2Fwp-content%2Fuploads%2F2022%2F09%2FRentree-2022-La-Villette-2-scaled.jpg&#038;p&#091;title&#093;=Les%20journ%C3%A9es%20d%E2%80%99int%C3%A9gration%20%C3%A0%20La%20Villette\" style=\"font-size: 0px;width:24px;height:24px;margin:0;margin-bottom:5px;margin-right:5px\"><img loading=\"lazy\" decoding=\"async\" alt=\"Facebook\" title=\"Share on Facebook\" class=\"synved-share-image synved-social-image synved-social-image-share\" width=\"24\" height=\"24\" style=\"display: inline;width:24px;height:24px;margin: 0;padding: 0;border: none;box-shadow: none\" src=\"https:\/\/lyceedalembert.paris\/wp-content\/plugins\/social-media-feather\/synved-social\/image\/social\/regular\/48x48\/facebook.png\" \/><\/a><a class=\"synved-social-button synved-social-button-share synved-social-size-24 synved-social-resolution-single synved-social-provider-twitter nolightbox\" data-provider=\"twitter\" target=\"_blank\" rel=\"nofollow\" title=\"Share on Twitter\" href=\"http:\/\/twitter.com\/share?url=https%3A%2F%2Flyceedalembert.paris&#038;text=Hey%20check%20this%20out\" style=\"font-size: 0px;width:24px;height:24px;margin:0;margin-bottom:5px\"><img loading=\"lazy\" decoding=\"async\" alt=\"twitter\" title=\"Share on Twitter\" class=\"synved-share-image synved-social-image synved-social-image-share\" width=\"24\" height=\"24\" style=\"display: inline;width:24px;height:24px;margin: 0;padding: 0;border: none;box-shadow: none\" src=\"https:\/\/lyceedalembert.paris\/wp-content\/plugins\/social-media-feather\/synved-social\/image\/social\/regular\/48x48\/twitter.png\" \/><\/a>","protected":false},"excerpt":{"rendered":"<p>Le lyc\u00e9e d&rsquo;Alembert organise un accueil des nouveaux entrants dans les formations du lyc\u00e9e \u00e0 La Villette. Les \u00e9l\u00e9ves ont pu faire un parcours d&rsquo;orientation et de d\u00e9couverte avec la d\u00e9couverte des jardins et ont particip\u00e9 \u00e0 diff\u00e9rentes activit\u00e9s organis\u00e9es sur le Parc de la Villette.<\/p>\n","protected":false},"author":1,"featured_media":7339,"comment_status":"closed","ping_status":"open","sticky":false,"template":"","format":"standard","meta":{"footnotes":""},"categories":[14,22],"tags":[100],"class_list":["post-7337","post","type-post","status-publish","format-standard","has-post-thumbnail","hentry","category-action","category-actualites","tag-vivre-ensemble","post-has-thumbnail"],"_links":{"self":[{"href":"https:\/\/lyceedalembert.paris\/index.php\/wp-json\/wp\/v2\/posts\/7337","targetHints":{"allow":["GET"]}}],"collection":[{"href":"https:\/\/lyceedalembert.paris\/index.php\/wp-json\/wp\/v2\/posts"}],"about":[{"href":"https:\/\/lyceedalembert.paris\/index.php\/wp-json\/wp\/v2\/types\/post"}],"author":[{"embeddable":true,"href":"https:\/\/lyceedalembert.paris\/index.php\/wp-json\/wp\/v2\/users\/1"}],"replies":[{"embeddable":true,"href":"https:\/\/lyceedalembert.paris\/index.php\/wp-json\/wp\/v2\/comments?post=7337"}],"version-history":[{"count":2,"href":"https:\/\/lyceedalembert.paris\/index.php\/wp-json\/wp\/v2\/posts\/7337\/revisions"}],"predecessor-version":[{"id":7343,"href":"https:\/\/lyceedalembert.paris\/index.php\/wp-json\/wp\/v2\/posts\/7337\/revisions\/7343"}],"wp:featuredmedia":[{"embeddable":true,"href":"https:\/\/lyceedalembert.paris\/index.php\/wp-json\/wp\/v2\/media\/7339"}],"wp:attachment":[{"href":"https:\/\/lyceedalembert.paris\/index.php\/wp-json\/wp\/v2\/media?parent=7337"}],"wp:term":[{"taxonomy":"category","embeddable":true,"href":"https:\/\/lyceedalembert.paris\/index.php\/wp-json\/wp\/v2\/categories?post=7337"},{"taxonomy":"post_tag","embeddable":true,"href":"https:\/\/lyceedalembert.paris\/index.php\/wp-json\/wp\/v2\/tags?post=7337"}],"curies":[{"name":"wp","href":"https:\/\/api.w.org\/{rel}","templated":true}]}}